{"id":10591,"date":"2023-06-23T10:09:19","date_gmt":"2023-06-23T10:09:19","guid":{"rendered":"https:\/\/www.ditosama.com\/non-categorizzato\/dito-sama-at-the-grande-exposition-du-fabrique\/"},"modified":"2025-10-13T15:13:16","modified_gmt":"2025-10-13T15:13:16","slug":"dito-sama-alla-grande-exposition-du-fabrique","status":"publish","type":"post","link":"https:\/\/www.ditosama.com\/it\/notizie-ed-eventi\/dito-sama-alla-grande-exposition-du-fabrique\/","title":{"rendered":"Dito Sama a l&#8217;Elys\u00e9e!"},"content":{"rendered":"<section class=\"wpb-content-wrapper\"><p>[vc_row][vc_column][vc_column_text]<\/p>\n<p style=\"text-align: center;\"><strong>DMIX sotto i riflettori<\/strong><\/p>\n<p style=\"text-align: center;\">Quest\u2019anno, Dito Sama \u00e8 stata invitata al Palazzo dell&#8217;Eliseo! La mescolatrice planetaria <a href=\"https:\/\/www.ditosama.com\/en\/products\/planetary-mixers\/planetary-mixers-planetary-mixer-5-lt-electronic-with-hub-600136\/\">DMIX<\/a> \u00e8 stata selezionata per rappresentare il 23esimo dipartimento (una delle divisioni amministrative in Francia) alla terza edizione della <a href=\"https:\/\/www.elysee.fr\/emmanuel-macron\/la-grande-exposition-du-fabrique-en-france\">Grande Exposition du Fabriqu\u00e9 en France<\/a>. Con una capacit\u00e0 di 5,5 litri, questa mescolatrice compatta e versatile \u00e8 perfetta per mescolare, sbattere e impastare. E\u2019 diventata uno dei modelli di punta, poich\u00e9 ci siamo sempre concentrati sulla fornitura di prodotti di qualit\u00e0 \u00abMade in France\u00bb.<\/p>\n<p style=\"text-align: center;\"><strong>Un evento imperdibile per il Made in France<\/strong><\/p>\n<p style=\"text-align: center;\">Dopo due anni di successi, la Grande Exposition du Fabriqu\u00e9 en France ritorna con la sua terza edizione consecutiva. Questo evento \u00e8 stato creato con lo scopo di risaltare gli sforzi di aziende, artigiani, produttori e industriali che sostengono con tutto il cuore la produzione francese&#8212; un aspetto vitale della sovranit\u00e0 industriale ed economica della Francia. Per Dito Sama, \u00e8 un\u2019occasione per riaffermare la nostra incrollabile dedizione a questa causa. \u00c8 un evento molto atteso.<\/p>\n<p style=\"text-align: center;\"><strong>Una selezione di prodotti accuratamente definita<\/strong><\/p>\n<p style=\"text-align: center;\">Questo evento dar\u00e0 opportunit\u00e0 di scoprire pi\u00f9 di 125 prodotti Made in France, da tutti i dipartimenti e territori (divisioni amministrative della Francia), sia nella Francia continentale che all&#8217;estero. Attraverso i giardini, i saloni e il cortile del Palazzo, si avr\u00e0 la possibilit\u00e0 di esplorare tutti questi prodotti. Che rappresentano una selezione del meglio che la Francia ha da offrire, mettendo in mostra il patrimonio di competenze e artigianalit\u00e0 del nostro Paese. Siamo tutti orgogliosi del nostro patrimonio \u00abMade in France\u00bb.<\/p>\n<p>[\/vc_column_text][vc_empty_space height=&#8221;60px&#8221;][\/vc_column][\/vc_row][vc_row][vc_column][c21_last_news_horizontal header=&#8221;&#8221; title=&#8221;ULTIME NOTIZIE&#8221;][\/vc_column][\/vc_row][vc_row][vc_column][vc_empty_space height=&#8221;60px&#8221;][vc_separator][vc_empty_space][\/vc_column][\/vc_row][vc_row][vc_column][c21_image_text_full image=&#8221;96&#8243; image_position=&#8221;left&#8221; title=&#8221;VUOI SAPERNE DI PI\u00d9?&#8221; text=&#8221;Per qualsiasi richiesta di supporto o informazione, non esitare a contattarci!&#8221; link=&#8221;url:https%3A%2F%2Fwww.ditosama.com%2Fit%2Fcontattaci%2F|title:CONTATTACI&#8221;][\/vc_column][\/vc_row]<\/p>\n<\/section>","protected":false},"excerpt":{"rendered":"<p>[vc_row][vc_column][vc_column_text] DMIX sotto i riflettori Quest\u2019anno, Dito Sama \u00e8 stata invitata al Palazzo dell&#8217;Eliseo! La mescolatrice planetaria DMIX \u00e8 stata selezionata per rappresentare il 23esimo dipartimento (una delle divisioni amministrative in Francia) alla terza edizione della Grande Exposition du Fabriqu\u00e9 en France. Con una capacit\u00e0 di 5,5 litri, questa mescolatrice compatta e versatile \u00e8 perfetta [&hellip;]<\/p>\n","protected":false},"author":15,"featured_media":13550,"comment_status":"closed","ping_status":"open","sticky":false,"template":"","format":"standard","meta":{"inline_featured_image":false,"footnotes":""},"categories":[16],"tags":[211],"class_list":["post-10591","post","type-post","status-publish","format-standard","has-post-thumbnail","hentry","category-notizie-ed-eventi","tag-events-it"],"acf":[],"yoast_head":"<!-- This site is optimized with the Yoast SEO plugin v26.1.1 - https:\/\/yoast.com\/wordpress\/plugins\/seo\/ -->\n<title>Dito Sama a l&#039;Elys\u00e9e! | Dito Sama Italia<\/title>\n<meta name=\"description\" content=\"Scopri di pi\u00f9 sulla prestigiosa esperienza di Dito Sama alla \u201cGrande Exposition du Fabriqu\u00e9 en France\u201d e sulla mescolatrice planetaria DMIX\" \/>\n<meta name=\"robots\" content=\"index, follow, max-snippet:-1, max-image-preview:large, max-video-preview:-1\" \/>\n<link rel=\"canonical\" href=\"https:\/\/www.ditosama.com\/it\/wp-json\/wp\/v2\/posts\/10591\" \/>\n<meta property=\"og:locale\" content=\"it_IT\" \/>\n<meta property=\"og:type\" content=\"article\" \/>\n<meta property=\"og:title\" content=\"Dito Sama a l&#039;Elys\u00e9e! | Dito Sama Italia\" \/>\n<meta property=\"og:description\" content=\"Scopri di pi\u00f9 sulla prestigiosa esperienza di Dito Sama alla \u201cGrande Exposition du Fabriqu\u00e9 en France\u201d e sulla mescolatrice planetaria DMIX\" \/>\n<meta property=\"og:url\" content=\"https:\/\/www.ditosama.com\/it\/notizie-ed-eventi\/dito-sama-alla-grande-exposition-du-fabrique\/\" \/>\n<meta property=\"og:site_name\" content=\"Dito Sama\" \/>\n<meta property=\"article:published_time\" content=\"2023-06-23T10:09:19+00:00\" \/>\n<meta property=\"article:modified_time\" content=\"2025-10-13T15:13:16+00:00\" \/>\n<meta property=\"og:image\" content=\"https:\/\/www.ditosama.com\/wp-content\/uploads\/2023\/10\/FeF2023_Logo_PourFondsSombres_36.jpg\" \/>\n\t<meta property=\"og:image:width\" content=\"360\" \/>\n\t<meta property=\"og:image:height\" content=\"338\" \/>\n\t<meta property=\"og:image:type\" content=\"image\/jpeg\" \/>\n<meta name=\"author\" content=\"adrien.poggi@electroluxprofessional.com\" \/>\n<meta name=\"twitter:card\" content=\"summary_large_image\" \/>\n<meta name=\"twitter:label1\" content=\"Scritto da\" \/>\n\t<meta name=\"twitter:data1\" content=\"adrien.poggi@electroluxprofessional.com\" \/>\n\t<meta name=\"twitter:label2\" content=\"Tempo di lettura stimato\" \/>\n\t<meta name=\"twitter:data2\" content=\"2 minuti\" \/>\n<script type=\"application\/ld+json\" class=\"yoast-schema-graph\">{\"@context\":\"https:\/\/schema.org\",\"@graph\":[{\"@type\":\"WebPage\",\"@id\":\"https:\/\/www.ditosama.com\/it\/notizie-ed-eventi\/dito-sama-alla-grande-exposition-du-fabrique\/\",\"url\":\"https:\/\/www.ditosama.com\/it\/notizie-ed-eventi\/dito-sama-alla-grande-exposition-du-fabrique\/\",\"name\":\"Dito Sama a l'Elys\u00e9e! | Dito Sama Italia\",\"isPartOf\":{\"@id\":\"https:\/\/www.ditosama.com\/en\/#website\"},\"primaryImageOfPage\":{\"@id\":\"https:\/\/www.ditosama.com\/it\/notizie-ed-eventi\/dito-sama-alla-grande-exposition-du-fabrique\/#primaryimage\"},\"image\":{\"@id\":\"https:\/\/www.ditosama.com\/it\/notizie-ed-eventi\/dito-sama-alla-grande-exposition-du-fabrique\/#primaryimage\"},\"thumbnailUrl\":\"https:\/\/www.ditosama.com\/wp-content\/uploads\/2023\/10\/FeF2023_Logo_PourFondsSombres_36.jpg\",\"datePublished\":\"2023-06-23T10:09:19+00:00\",\"dateModified\":\"2025-10-13T15:13:16+00:00\",\"author\":{\"@id\":\"https:\/\/www.ditosama.com\/en\/#\/schema\/person\/7eb4b51dae3f680252db7164a6bb7bcb\"},\"description\":\"Scopri di pi\u00f9 sulla prestigiosa esperienza di Dito Sama alla \u201cGrande Exposition du Fabriqu\u00e9 en France\u201d e sulla mescolatrice planetaria DMIX\",\"breadcrumb\":{\"@id\":\"https:\/\/www.ditosama.com\/it\/notizie-ed-eventi\/dito-sama-alla-grande-exposition-du-fabrique\/#breadcrumb\"},\"inLanguage\":\"it-IT\",\"potentialAction\":[{\"@type\":\"ReadAction\",\"target\":[\"https:\/\/www.ditosama.com\/it\/notizie-ed-eventi\/dito-sama-alla-grande-exposition-du-fabrique\/\"]}]},{\"@type\":\"ImageObject\",\"inLanguage\":\"it-IT\",\"@id\":\"https:\/\/www.ditosama.com\/it\/notizie-ed-eventi\/dito-sama-alla-grande-exposition-du-fabrique\/#primaryimage\",\"url\":\"https:\/\/www.ditosama.com\/wp-content\/uploads\/2023\/10\/FeF2023_Logo_PourFondsSombres_36.jpg\",\"contentUrl\":\"https:\/\/www.ditosama.com\/wp-content\/uploads\/2023\/10\/FeF2023_Logo_PourFondsSombres_36.jpg\",\"width\":360,\"height\":338},{\"@type\":\"BreadcrumbList\",\"@id\":\"https:\/\/www.ditosama.com\/it\/notizie-ed-eventi\/dito-sama-alla-grande-exposition-du-fabrique\/#breadcrumb\",\"itemListElement\":[{\"@type\":\"ListItem\",\"position\":1,\"name\":\"Home\",\"item\":\"https:\/\/www.ditosama.com\/it\/\"},{\"@type\":\"ListItem\",\"position\":2,\"name\":\"Dito Sama a l&#8217;Elys\u00e9e!\"}]},{\"@type\":\"WebSite\",\"@id\":\"https:\/\/www.ditosama.com\/en\/#website\",\"url\":\"https:\/\/www.ditosama.com\/en\/\",\"name\":\"Dito Sama\",\"description\":\"\",\"potentialAction\":[{\"@type\":\"SearchAction\",\"target\":{\"@type\":\"EntryPoint\",\"urlTemplate\":\"https:\/\/www.ditosama.com\/en\/?s={search_term_string}\"},\"query-input\":{\"@type\":\"PropertyValueSpecification\",\"valueRequired\":true,\"valueName\":\"search_term_string\"}}],\"inLanguage\":\"it-IT\"},{\"@type\":\"Person\",\"@id\":\"https:\/\/www.ditosama.com\/en\/#\/schema\/person\/7eb4b51dae3f680252db7164a6bb7bcb\",\"name\":\"adrien.poggi@electroluxprofessional.com\",\"url\":\"https:\/\/www.ditosama.com\/it\/author\/adrien-poggielectroluxprofessional-com\/\"}]}<\/script>\n<!-- \/ Yoast SEO plugin. -->","yoast_head_json":{"title":"Dito Sama a l'Elys\u00e9e! | Dito Sama Italia","description":"Scopri di pi\u00f9 sulla prestigiosa esperienza di Dito Sama alla \u201cGrande Exposition du Fabriqu\u00e9 en France\u201d e sulla mescolatrice planetaria DMIX","robots":{"index":"index","follow":"follow","max-snippet":"max-snippet:-1","max-image-preview":"max-image-preview:large","max-video-preview":"max-video-preview:-1"},"canonical":"https:\/\/www.ditosama.com\/it\/wp-json\/wp\/v2\/posts\/10591","og_locale":"it_IT","og_type":"article","og_title":"Dito Sama a l'Elys\u00e9e! | Dito Sama Italia","og_description":"Scopri di pi\u00f9 sulla prestigiosa esperienza di Dito Sama alla \u201cGrande Exposition du Fabriqu\u00e9 en France\u201d e sulla mescolatrice planetaria DMIX","og_url":"https:\/\/www.ditosama.com\/it\/notizie-ed-eventi\/dito-sama-alla-grande-exposition-du-fabrique\/","og_site_name":"Dito Sama","article_published_time":"2023-06-23T10:09:19+00:00","article_modified_time":"2025-10-13T15:13:16+00:00","og_image":[{"width":360,"height":338,"url":"https:\/\/www.ditosama.com\/wp-content\/uploads\/2023\/10\/FeF2023_Logo_PourFondsSombres_36.jpg","type":"image\/jpeg"}],"author":"adrien.poggi@electroluxprofessional.com","twitter_card":"summary_large_image","twitter_misc":{"Scritto da":"adrien.poggi@electroluxprofessional.com","Tempo di lettura stimato":"2 minuti"},"schema":{"@context":"https:\/\/schema.org","@graph":[{"@type":"WebPage","@id":"https:\/\/www.ditosama.com\/it\/notizie-ed-eventi\/dito-sama-alla-grande-exposition-du-fabrique\/","url":"https:\/\/www.ditosama.com\/it\/notizie-ed-eventi\/dito-sama-alla-grande-exposition-du-fabrique\/","name":"Dito Sama a l'Elys\u00e9e! | Dito Sama Italia","isPartOf":{"@id":"https:\/\/www.ditosama.com\/en\/#website"},"primaryImageOfPage":{"@id":"https:\/\/www.ditosama.com\/it\/notizie-ed-eventi\/dito-sama-alla-grande-exposition-du-fabrique\/#primaryimage"},"image":{"@id":"https:\/\/www.ditosama.com\/it\/notizie-ed-eventi\/dito-sama-alla-grande-exposition-du-fabrique\/#primaryimage"},"thumbnailUrl":"https:\/\/www.ditosama.com\/wp-content\/uploads\/2023\/10\/FeF2023_Logo_PourFondsSombres_36.jpg","datePublished":"2023-06-23T10:09:19+00:00","dateModified":"2025-10-13T15:13:16+00:00","author":{"@id":"https:\/\/www.ditosama.com\/en\/#\/schema\/person\/7eb4b51dae3f680252db7164a6bb7bcb"},"description":"Scopri di pi\u00f9 sulla prestigiosa esperienza di Dito Sama alla \u201cGrande Exposition du Fabriqu\u00e9 en France\u201d e sulla mescolatrice planetaria DMIX","breadcrumb":{"@id":"https:\/\/www.ditosama.com\/it\/notizie-ed-eventi\/dito-sama-alla-grande-exposition-du-fabrique\/#breadcrumb"},"inLanguage":"it-IT","potentialAction":[{"@type":"ReadAction","target":["https:\/\/www.ditosama.com\/it\/notizie-ed-eventi\/dito-sama-alla-grande-exposition-du-fabrique\/"]}]},{"@type":"ImageObject","inLanguage":"it-IT","@id":"https:\/\/www.ditosama.com\/it\/notizie-ed-eventi\/dito-sama-alla-grande-exposition-du-fabrique\/#primaryimage","url":"https:\/\/www.ditosama.com\/wp-content\/uploads\/2023\/10\/FeF2023_Logo_PourFondsSombres_36.jpg","contentUrl":"https:\/\/www.ditosama.com\/wp-content\/uploads\/2023\/10\/FeF2023_Logo_PourFondsSombres_36.jpg","width":360,"height":338},{"@type":"BreadcrumbList","@id":"https:\/\/www.ditosama.com\/it\/notizie-ed-eventi\/dito-sama-alla-grande-exposition-du-fabrique\/#breadcrumb","itemListElement":[{"@type":"ListItem","position":1,"name":"Home","item":"https:\/\/www.ditosama.com\/it\/"},{"@type":"ListItem","position":2,"name":"Dito Sama a l&#8217;Elys\u00e9e!"}]},{"@type":"WebSite","@id":"https:\/\/www.ditosama.com\/en\/#website","url":"https:\/\/www.ditosama.com\/en\/","name":"Dito Sama","description":"","potentialAction":[{"@type":"SearchAction","target":{"@type":"EntryPoint","urlTemplate":"https:\/\/www.ditosama.com\/en\/?s={search_term_string}"},"query-input":{"@type":"PropertyValueSpecification","valueRequired":true,"valueName":"search_term_string"}}],"inLanguage":"it-IT"},{"@type":"Person","@id":"https:\/\/www.ditosama.com\/en\/#\/schema\/person\/7eb4b51dae3f680252db7164a6bb7bcb","name":"adrien.poggi@electroluxprofessional.com","url":"https:\/\/www.ditosama.com\/it\/author\/adrien-poggielectroluxprofessional-com\/"}]}},"_links":{"self":[{"href":"https:\/\/www.ditosama.com\/it\/wp-json\/wp\/v2\/posts\/10591","targetHints":{"allow":["GET"]}}],"collection":[{"href":"https:\/\/www.ditosama.com\/it\/wp-json\/wp\/v2\/posts"}],"about":[{"href":"https:\/\/www.ditosama.com\/it\/wp-json\/wp\/v2\/types\/post"}],"author":[{"embeddable":true,"href":"https:\/\/www.ditosama.com\/it\/wp-json\/wp\/v2\/users\/15"}],"replies":[{"embeddable":true,"href":"https:\/\/www.ditosama.com\/it\/wp-json\/wp\/v2\/comments?post=10591"}],"version-history":[{"count":5,"href":"https:\/\/www.ditosama.com\/it\/wp-json\/wp\/v2\/posts\/10591\/revisions"}],"predecessor-version":[{"id":13643,"href":"https:\/\/www.ditosama.com\/it\/wp-json\/wp\/v2\/posts\/10591\/revisions\/13643"}],"wp:featuredmedia":[{"embeddable":true,"href":"https:\/\/www.ditosama.com\/it\/wp-json\/wp\/v2\/media\/13550"}],"wp:attachment":[{"href":"https:\/\/www.ditosama.com\/it\/wp-json\/wp\/v2\/media?parent=10591"}],"wp:term":[{"taxonomy":"category","embeddable":true,"href":"https:\/\/www.ditosama.com\/it\/wp-json\/wp\/v2\/categories?post=10591"},{"taxonomy":"post_tag","embeddable":true,"href":"https:\/\/www.ditosama.com\/it\/wp-json\/wp\/v2\/tags?post=10591"}],"curies":[{"name":"wp","href":"https:\/\/api.w.org\/{rel}","templated":true}]}}