{"id":9091,"date":"2023-03-20T13:10:19","date_gmt":"2023-03-20T13:10:19","guid":{"rendered":"https:\/\/www.ditosama.com\/?p=9091"},"modified":"2023-12-20T08:22:10","modified_gmt":"2023-12-20T08:22:10","slug":"salons-regionaux","status":"publish","type":"post","link":"https:\/\/www.ditosama.com\/fr\/news-events\/salons-regionaux\/","title":{"rendered":"SALONS REGIONAUX"},"content":{"rendered":"<section class=\"wpb-content-wrapper\"><p>[vc_row][vc_column][vc_column_text]<\/p>\n<p style=\"text-align: center;\"><strong>\u00c0 Tours\u00a0: Rest&rsquo;H\u00f4tel<\/strong><\/p>\n<p style=\"text-align: center;\">Le salon\u00a0Rest&rsquo;H\u00f4tel\u00a0et M\u00e9tiers de Bouche\u00a0se d\u00e9roulera les 12 et 13 Mars 2023 prochains, au Parc des Expositions de\u00a0Tours.\u00a0La pr\u00e9sence de Dito Sama s&rsquo;impose comme incontournable, \u00e0 l&rsquo;occasion de ce rendez-vous d&rsquo;importance pour tous les professionnels des CHR, des m\u00e9tiers de Bouche, de la restauration collective ou encore des m\u00e9tiers du tourisme du Centre Val de Loire. Venez nous rencontrer\u00a0!<\/p>\n<p style=\"text-align: center;\"><a href=\"https:\/\/www.rest-hotel.fr\/tours\/\">https:\/\/www.rest-hotel.fr\/tours\/<\/a><\/p>\n<p>[\/vc_column_text][vc_empty_space][\/vc_column][\/vc_row][vc_row][vc_column][vc_column_text]<\/p>\n<p style=\"text-align: center;\"><strong>\u00c0 Biarritz\u00a0: Horesta<\/strong><\/p>\n<p class=\"Contenudetableau\" style=\"text-align: center;\"><span lang=\"FR\">Quelques jours apr\u00e8s, c&rsquo;est \u00e0 Biarritz, que les \u00e9quipes de Dito Sama vous donnent rendez-vous \u00e0 pour le salon Horesta, une rencontre de r\u00e9f\u00e9rence pour les professionnels des CHR et M\u00e9tiers de Bouche. Nous y serons pr\u00e9sents les 19, 20 et 21 mars 2023. \u00c0 vos agendas\u00a0!<\/span><\/p>\n<p style=\"text-align: center;\"><a href=\"https:\/\/www.horesta.fr\/\">https:\/\/www.horesta.fr\/<\/a><\/p>\n<p>[\/vc_column_text][vc_empty_space][\/vc_column][\/vc_row][vc_row][vc_column][vc_column_text]<\/p>\n<p style=\"text-align: center;\"><strong>\u00c0 Colmar\u00a0: CHR Pro Expo<\/strong><\/p>\n<p style=\"text-align: center;\">Nous vous attendons \u00e9galement avec impatience au salon CHR Pro Expo de Colmar entre le 27 et le 29 mars prochain. Le Salon professionnel des m\u00e9tiers de l\u2019h\u00f4tellerie et de la restauration d&rsquo;Alsace sera pour Dito Sama l&rsquo;occasion de pr\u00e9senter ses derni\u00e8res actualit\u00e9s, notamment ses nouveaut\u00e9s produits, plac\u00e9es sous le signe de la <strong>\u00ab <\/strong>Fresh experience\u00a0!\u00a0\u00bb<\/p>\n<p style=\"text-align: center;\"><a href=\"https:\/\/www.salon-chrpro.fr\/\">https:\/\/www.salon-chrpro.fr\/<\/a><\/p>\n<p>[\/vc_column_text][vc_empty_space][\/vc_column][\/vc_row][vc_row][vc_column][vc_column_text]<\/p>\n<p style=\"text-align: center;\"><strong>\u00c0 Paris\u00a0: Restau&rsquo;co<\/strong><\/p>\n<p style=\"text-align: center;\">Le 21 juin, direction la Capitale o\u00f9 se tiendra le salon Restau&rsquo;co Paris, Porte de Versailles. Un salon qui valorise les m\u00e9tiers de la restauration collective, en aidant les professionnels sur toutes les probl\u00e9matiques de leur m\u00e9tier : \u00e9quilibre nutritionnel, restauration responsable, approvisionnement, lutte contre le gaspillage, formation\u2026 Dito Sama vous y attend\u00a0!<\/p>\n<p style=\"text-align: center;\"><a href=\"http:\/\/www.salonrestauco.com\/\">http:\/\/www.salonrestauco.com\/<\/a><\/p>\n<p>[\/vc_column_text][vc_empty_space][\/vc_column][\/vc_row][vc_row][vc_column][c21_last_news_horizontal header=\u00a0\u00bb\u00a0\u00bb title=\u00a0\u00bbDERNI\u00c8RES NEWS\u00a0\u00bb][\/vc_column][\/vc_row][vc_row][vc_column][vc_empty_space height=\u00a0\u00bb60px\u00a0\u00bb][vc_separator][vc_empty_space][\/vc_column][\/vc_row][vc_row][vc_column][c21_image_text_full image=\u00a0\u00bb290&Prime; image_position=\u00a0\u00bbleft\u00a0\u00bb title=\u00a0\u00bbENVIE D\u2019EN SAVOIR PLUS ?\u00a0\u00bb text=\u00a0\u00bbN\u2019h\u00e9sitez pas \u00e0 nous contacter pour tout renseignement !\u00a0\u00bb link=\u00a0\u00bburl:https%3A%2F%2Fwww.ditosama.com%2Ffr%2Fcontactez-nous%2F|title:CONTACTEZ-NOUS\u00a0\u00bb][\/vc_column][\/vc_row]<\/p>\n<\/section>","protected":false},"excerpt":{"rendered":"<p>[vc_row][vc_column][vc_column_text] \u00c0 Tours\u00a0: Rest&rsquo;H\u00f4tel Le salon\u00a0Rest&rsquo;H\u00f4tel\u00a0et M\u00e9tiers de Bouche\u00a0se d\u00e9roulera les 12 et 13 Mars 2023 prochains, au Parc des Expositions de\u00a0Tours.\u00a0La pr\u00e9sence de Dito Sama s&rsquo;impose comme incontournable, \u00e0 l&rsquo;occasion de ce rendez-vous d&rsquo;importance pour tous les professionnels des CHR, des m\u00e9tiers de Bouche, de la restauration collective ou encore des m\u00e9tiers du tourisme [&hellip;]<\/p>\n","protected":false},"author":1,"featured_media":9094,"comment_status":"closed","ping_status":"open","sticky":false,"template":"","format":"standard","meta":{"inline_featured_image":false,"footnotes":""},"categories":[17],"tags":[149],"class_list":["post-9091","post","type-post","status-publish","format-standard","has-post-thumbnail","hentry","category-news-events","tag-news-fr"],"acf":[],"yoast_head":"<!-- This site is optimized with the Yoast SEO plugin v26.1.1 - https:\/\/yoast.com\/wordpress\/plugins\/seo\/ -->\n<title>SALONS REGIONAUX | Dito Sama France<\/title>\n<meta name=\"description\" content=\"News Dito Sama, SALONS REGIONAUX.\" \/>\n<meta name=\"robots\" content=\"index, follow, max-snippet:-1, max-image-preview:large, max-video-preview:-1\" \/>\n<link rel=\"canonical\" href=\"https:\/\/www.ditosama.com\/fr\/wp-json\/wp\/v2\/posts\/9091\" \/>\n<meta property=\"og:locale\" content=\"fr_FR\" \/>\n<meta property=\"og:type\" content=\"article\" \/>\n<meta property=\"og:title\" content=\"SALONS REGIONAUX | Dito Sama France\" \/>\n<meta property=\"og:description\" content=\"News Dito Sama, SALONS REGIONAUX.\" \/>\n<meta property=\"og:url\" content=\"https:\/\/www.ditosama.com\/fr\/news-events\/salons-regionaux\/\" \/>\n<meta property=\"og:site_name\" content=\"Dito Sama\" \/>\n<meta property=\"article:published_time\" content=\"2023-03-20T13:10:19+00:00\" \/>\n<meta property=\"article:modified_time\" content=\"2023-12-20T08:22:10+00:00\" \/>\n<meta property=\"og:image\" content=\"https:\/\/www.ditosama.com\/wp-content\/uploads\/2023\/03\/shutterstock_789441313-scaled.jpeg\" \/>\n\t<meta property=\"og:image:width\" content=\"2560\" \/>\n\t<meta property=\"og:image:height\" content=\"1007\" \/>\n\t<meta property=\"og:image:type\" content=\"image\/jpeg\" \/>\n<meta name=\"author\" content=\"eprwebmaster@jobinformatica.it\" \/>\n<meta name=\"twitter:card\" content=\"summary_large_image\" \/>\n<meta name=\"twitter:label1\" content=\"\u00c9crit par\" \/>\n\t<meta name=\"twitter:data1\" content=\"eprwebmaster@jobinformatica.it\" \/>\n\t<meta name=\"twitter:label2\" content=\"Dur\u00e9e de lecture estim\u00e9e\" \/>\n\t<meta name=\"twitter:data2\" content=\"2 minutes\" \/>\n<script type=\"application\/ld+json\" class=\"yoast-schema-graph\">{\"@context\":\"https:\/\/schema.org\",\"@graph\":[{\"@type\":\"WebPage\",\"@id\":\"https:\/\/www.ditosama.com\/fr\/news-events\/salons-regionaux\/\",\"url\":\"https:\/\/www.ditosama.com\/fr\/news-events\/salons-regionaux\/\",\"name\":\"SALONS REGIONAUX | Dito Sama France\",\"isPartOf\":{\"@id\":\"https:\/\/www.ditosama.com\/en\/#website\"},\"primaryImageOfPage\":{\"@id\":\"https:\/\/www.ditosama.com\/fr\/news-events\/salons-regionaux\/#primaryimage\"},\"image\":{\"@id\":\"https:\/\/www.ditosama.com\/fr\/news-events\/salons-regionaux\/#primaryimage\"},\"thumbnailUrl\":\"https:\/\/www.ditosama.com\/wp-content\/uploads\/2023\/03\/shutterstock_789441313-scaled.jpeg\",\"datePublished\":\"2023-03-20T13:10:19+00:00\",\"dateModified\":\"2023-12-20T08:22:10+00:00\",\"author\":{\"@id\":\"https:\/\/www.ditosama.com\/en\/#\/schema\/person\/7e0fbfa9cf791c46155f35ecea8a58a3\"},\"description\":\"News Dito Sama, SALONS REGIONAUX.\",\"breadcrumb\":{\"@id\":\"https:\/\/www.ditosama.com\/fr\/news-events\/salons-regionaux\/#breadcrumb\"},\"inLanguage\":\"fr-FR\",\"potentialAction\":[{\"@type\":\"ReadAction\",\"target\":[\"https:\/\/www.ditosama.com\/fr\/news-events\/salons-regionaux\/\"]}]},{\"@type\":\"ImageObject\",\"inLanguage\":\"fr-FR\",\"@id\":\"https:\/\/www.ditosama.com\/fr\/news-events\/salons-regionaux\/#primaryimage\",\"url\":\"https:\/\/www.ditosama.com\/wp-content\/uploads\/2023\/03\/shutterstock_789441313-scaled.jpeg\",\"contentUrl\":\"https:\/\/www.ditosama.com\/wp-content\/uploads\/2023\/03\/shutterstock_789441313-scaled.jpeg\",\"width\":2560,\"height\":1007},{\"@type\":\"BreadcrumbList\",\"@id\":\"https:\/\/www.ditosama.com\/fr\/news-events\/salons-regionaux\/#breadcrumb\",\"itemListElement\":[{\"@type\":\"ListItem\",\"position\":1,\"name\":\"Home\",\"item\":\"https:\/\/www.ditosama.com\/fr\/\"},{\"@type\":\"ListItem\",\"position\":2,\"name\":\"SALONS REGIONAUX\"}]},{\"@type\":\"WebSite\",\"@id\":\"https:\/\/www.ditosama.com\/en\/#website\",\"url\":\"https:\/\/www.ditosama.com\/en\/\",\"name\":\"Dito Sama\",\"description\":\"\",\"potentialAction\":[{\"@type\":\"SearchAction\",\"target\":{\"@type\":\"EntryPoint\",\"urlTemplate\":\"https:\/\/www.ditosama.com\/en\/?s={search_term_string}\"},\"query-input\":{\"@type\":\"PropertyValueSpecification\",\"valueRequired\":true,\"valueName\":\"search_term_string\"}}],\"inLanguage\":\"fr-FR\"},{\"@type\":\"Person\",\"@id\":\"https:\/\/www.ditosama.com\/en\/#\/schema\/person\/7e0fbfa9cf791c46155f35ecea8a58a3\",\"name\":\"eprwebmaster@jobinformatica.it\",\"sameAs\":[\"https:\/\/www.ditosama.com\"],\"url\":\"https:\/\/www.ditosama.com\/fr\/author\/eprwebmasterjobinformatica-it\/\"}]}<\/script>\n<!-- \/ Yoast SEO plugin. -->","yoast_head_json":{"title":"SALONS REGIONAUX | Dito Sama France","description":"News Dito Sama, SALONS REGIONAUX.","robots":{"index":"index","follow":"follow","max-snippet":"max-snippet:-1","max-image-preview":"max-image-preview:large","max-video-preview":"max-video-preview:-1"},"canonical":"https:\/\/www.ditosama.com\/fr\/wp-json\/wp\/v2\/posts\/9091","og_locale":"fr_FR","og_type":"article","og_title":"SALONS REGIONAUX | Dito Sama France","og_description":"News Dito Sama, SALONS REGIONAUX.","og_url":"https:\/\/www.ditosama.com\/fr\/news-events\/salons-regionaux\/","og_site_name":"Dito Sama","article_published_time":"2023-03-20T13:10:19+00:00","article_modified_time":"2023-12-20T08:22:10+00:00","og_image":[{"width":2560,"height":1007,"url":"https:\/\/www.ditosama.com\/wp-content\/uploads\/2023\/03\/shutterstock_789441313-scaled.jpeg","type":"image\/jpeg"}],"author":"eprwebmaster@jobinformatica.it","twitter_card":"summary_large_image","twitter_misc":{"\u00c9crit par":"eprwebmaster@jobinformatica.it","Dur\u00e9e de lecture estim\u00e9e":"2 minutes"},"schema":{"@context":"https:\/\/schema.org","@graph":[{"@type":"WebPage","@id":"https:\/\/www.ditosama.com\/fr\/news-events\/salons-regionaux\/","url":"https:\/\/www.ditosama.com\/fr\/news-events\/salons-regionaux\/","name":"SALONS REGIONAUX | Dito Sama France","isPartOf":{"@id":"https:\/\/www.ditosama.com\/en\/#website"},"primaryImageOfPage":{"@id":"https:\/\/www.ditosama.com\/fr\/news-events\/salons-regionaux\/#primaryimage"},"image":{"@id":"https:\/\/www.ditosama.com\/fr\/news-events\/salons-regionaux\/#primaryimage"},"thumbnailUrl":"https:\/\/www.ditosama.com\/wp-content\/uploads\/2023\/03\/shutterstock_789441313-scaled.jpeg","datePublished":"2023-03-20T13:10:19+00:00","dateModified":"2023-12-20T08:22:10+00:00","author":{"@id":"https:\/\/www.ditosama.com\/en\/#\/schema\/person\/7e0fbfa9cf791c46155f35ecea8a58a3"},"description":"News Dito Sama, SALONS REGIONAUX.","breadcrumb":{"@id":"https:\/\/www.ditosama.com\/fr\/news-events\/salons-regionaux\/#breadcrumb"},"inLanguage":"fr-FR","potentialAction":[{"@type":"ReadAction","target":["https:\/\/www.ditosama.com\/fr\/news-events\/salons-regionaux\/"]}]},{"@type":"ImageObject","inLanguage":"fr-FR","@id":"https:\/\/www.ditosama.com\/fr\/news-events\/salons-regionaux\/#primaryimage","url":"https:\/\/www.ditosama.com\/wp-content\/uploads\/2023\/03\/shutterstock_789441313-scaled.jpeg","contentUrl":"https:\/\/www.ditosama.com\/wp-content\/uploads\/2023\/03\/shutterstock_789441313-scaled.jpeg","width":2560,"height":1007},{"@type":"BreadcrumbList","@id":"https:\/\/www.ditosama.com\/fr\/news-events\/salons-regionaux\/#breadcrumb","itemListElement":[{"@type":"ListItem","position":1,"name":"Home","item":"https:\/\/www.ditosama.com\/fr\/"},{"@type":"ListItem","position":2,"name":"SALONS REGIONAUX"}]},{"@type":"WebSite","@id":"https:\/\/www.ditosama.com\/en\/#website","url":"https:\/\/www.ditosama.com\/en\/","name":"Dito Sama","description":"","potentialAction":[{"@type":"SearchAction","target":{"@type":"EntryPoint","urlTemplate":"https:\/\/www.ditosama.com\/en\/?s={search_term_string}"},"query-input":{"@type":"PropertyValueSpecification","valueRequired":true,"valueName":"search_term_string"}}],"inLanguage":"fr-FR"},{"@type":"Person","@id":"https:\/\/www.ditosama.com\/en\/#\/schema\/person\/7e0fbfa9cf791c46155f35ecea8a58a3","name":"eprwebmaster@jobinformatica.it","sameAs":["https:\/\/www.ditosama.com"],"url":"https:\/\/www.ditosama.com\/fr\/author\/eprwebmasterjobinformatica-it\/"}]}},"_links":{"self":[{"href":"https:\/\/www.ditosama.com\/fr\/wp-json\/wp\/v2\/posts\/9091","targetHints":{"allow":["GET"]}}],"collection":[{"href":"https:\/\/www.ditosama.com\/fr\/wp-json\/wp\/v2\/posts"}],"about":[{"href":"https:\/\/www.ditosama.com\/fr\/wp-json\/wp\/v2\/types\/post"}],"author":[{"embeddable":true,"href":"https:\/\/www.ditosama.com\/fr\/wp-json\/wp\/v2\/users\/1"}],"replies":[{"embeddable":true,"href":"https:\/\/www.ditosama.com\/fr\/wp-json\/wp\/v2\/comments?post=9091"}],"version-history":[{"count":4,"href":"https:\/\/www.ditosama.com\/fr\/wp-json\/wp\/v2\/posts\/9091\/revisions"}],"predecessor-version":[{"id":9100,"href":"https:\/\/www.ditosama.com\/fr\/wp-json\/wp\/v2\/posts\/9091\/revisions\/9100"}],"wp:featuredmedia":[{"embeddable":true,"href":"https:\/\/www.ditosama.com\/fr\/wp-json\/wp\/v2\/media\/9094"}],"wp:attachment":[{"href":"https:\/\/www.ditosama.com\/fr\/wp-json\/wp\/v2\/media?parent=9091"}],"wp:term":[{"taxonomy":"category","embeddable":true,"href":"https:\/\/www.ditosama.com\/fr\/wp-json\/wp\/v2\/categories?post=9091"},{"taxonomy":"post_tag","embeddable":true,"href":"https:\/\/www.ditosama.com\/fr\/wp-json\/wp\/v2\/tags?post=9091"}],"curies":[{"name":"wp","href":"https:\/\/api.w.org\/{rel}","templated":true}]}}