{"id":2950,"date":"2022-12-19T08:49:30","date_gmt":"2022-12-19T08:49:30","guid":{"rendered":"https:\/\/www.ditosama.com\/winter-fruits-and-vegetables-go-into-the-kitchen\/"},"modified":"2026-04-03T16:12:20","modified_gmt":"2026-04-03T16:12:20","slug":"les-fruits-et-legumes-dhiver-passent-en-cuisine","status":"publish","type":"post","link":"https:\/\/www.ditosama.com\/fr\/news-events\/les-fruits-et-legumes-dhiver-passent-en-cuisine\/","title":{"rendered":"Les fruits et l\u00e9gumes d&rsquo;hiver passent en cuisine !"},"content":{"rendered":"<section class=\"wpb-content-wrapper\"><p>[vc_row][vc_column][vc_column_text]<strong>La pomme\u00a0\u00a0\u00a0<\/strong><\/p>\n<p>De la Reinette en passant par la Golden ou la Granny Smith\u00a0: il existe des centaines de vari\u00e9t\u00e9s de pommes diff\u00e9rentes, chacune ayant une saveur bien particuli\u00e8re. Choisissez-les bien fermes, \u00e0 la peau lisse et brillante, ni fl\u00e9tries, ni molles. La pomme peut \u00eatre utilis\u00e9e crue pour pr\u00e9parer des jus (\u00e0 l\u2019aide d\u2019une centrifugeuse) ou coup\u00e9e en d\u00e9s et int\u00e9gr\u00e9e \u00e0 une salade de fruits ou un g\u00e2teau. Elle est \u00e9galement d\u00e9licieuse cuite enti\u00e8re au four, garnie de beurre, sucre, confiture ou encore noix de coco r\u00e2p\u00e9e et amandes effil\u00e9es.<\/p>\n<p>&nbsp;<\/p>\n<p><strong>Le citron<\/strong><\/p>\n<p>Avec sa saveur acidul\u00e9e si particuli\u00e8re, le citron n&rsquo;a pas son pareil pour booster la saveur des poissons et autres salades de fruits. Son jus peut aussi \u00eatre utilis\u00e9 pour cuire la chair du poisson dans le cas de marinades, carpaccios et autres tartares. Vous pouvez \u00e9galement l&rsquo;ajouter, confit, dans un tajine, le zester et le presser pour r\u00e9aliser une tarte au citron meringu\u00e9e. Pensez enfin \u00e0 lui pour emp\u00eacher vos fruits de noircir. Pomme, poire, banane, avocat\u00a0: quelques gouttes sur les fruits coup\u00e9s \u00e9vitent l&rsquo;oxydation.<\/p>\n<p>&nbsp;<\/p>\n<p><strong>La poire<\/strong><\/p>\n<p>D\u00e9licieuse poire avec son parfum inimitable\u00a0! Choisissez-la ferme et si elle commence \u00e0 s&rsquo;ab\u00eemer, ne la jetez pas. Coupez-la plut\u00f4t en quartiers pour en faire des papillotes, avec quelques fruits rouges et un b\u00e2ton de cannelle. R\u00e9alisez aussi pourquoi pas des poires r\u00f4ties avec des \u00e9pices. On aime aussi la poire en charlotte, avec du chocolat ou encore dans une tarte sal\u00e9e avec du gorgonzola.<\/p>\n<p>&nbsp;<\/p>\n<p><strong>Le kiwi<\/strong><\/p>\n<p>Juteux et tout doux avec sa touche acidul\u00e9e, le kiwi est parfait pour r\u00e9aliser des smoothies, jus, tartes aux fruits d&rsquo;hiver ou encore bowls color\u00e9s. Pensez-y aussi pour des salades vitamin\u00e9es\u00a0: il fait merveille par exemple avec un carpaccio de saumon ou une salade de poulet. Sa saveur se pr\u00eate \u00e0 de nombreuses originalit\u00e9s.<\/p>\n<p>&nbsp;<\/p>\n<p><strong>L&rsquo;orange<\/strong><\/p>\n<p>Choisissez des fruits fermes et lourds, avec une peau lisse et brillante. Parmi les recettes phares\u00a0: la salade d\u2019orange \u00e0 la cannelle, le savarin ou encore le souffl\u00e9 au Grand Marnier. Craquez aussi pour ses \u00e9corces, d\u00e9licieuses fa\u00e7on orangettes, tremp\u00e9es dans du chocolat noir amer ou roul\u00e9es dans du sucre cristal. Optez alors pour des oranges bio ou non trait\u00e9es, afin d\u2019\u00e9viter l\u2019ingestion des produits chimiques pulv\u00e9ris\u00e9s en surface. Pensez enfin au sucr\u00e9 sal\u00e9 avec des plats aux parfums exotiques\u00a0comme le canard ou les Saint-Jacques \u00e0 l\u2019orange.<\/p>\n<p>&nbsp;<\/p>\n<p><strong>Le poireau<\/strong><\/p>\n<p>Le poireau peut servir \u00e0 de nombreuses pr\u00e9parations. Coup\u00e9 en rondelles et cuit \u00e0 la vapeur, il peut ais\u00e9ment \u00eatre int\u00e9gr\u00e9 \u00e0 une tarte, par exemple avec du poisson fum\u00e9, \u00e0 une quiche ou un cake. Le poireau accompagne aussi \u00e0 merveille les volailles. Vous pouvez enfin l\u2019utiliser pour garnir des bricks ou des chaussons et l&rsquo;int\u00e9grer dans une omelette ou un crumble sal\u00e9.<\/p>\n<p><strong>\u00a0<\/strong><\/p>\n<p><strong>L&rsquo;endive<\/strong><\/p>\n<p>Parfaites en salade, les endives peuvent aussi \u00eatre consomm\u00e9es en soupe, ou pourquoi pas en gratin. \u00c0 noter qu&rsquo;il n&rsquo;est pas n\u00e9cessaire de les laver, car lors de leur culture, elles ne sont pas en contact avec la terre. \u00d4tez simplement les premi\u00e8res feuilles et coupez leur base : elles sont ensuite pr\u00eates \u00e0 \u00eatre cuisin\u00e9es ou pr\u00e9par\u00e9es. Pour des endives plus douces, \u00e9videz la partie centrale plus am\u00e8re.<\/p>\n<p>&nbsp;<\/p>\n<p><strong>Le potiron<\/strong><\/p>\n<p>Il existe diff\u00e9rentes sortes de potirons. Parmi les plus courants, on trouve le jaune gros de Paris, le rouge vif d\u2019Etampes \u00e0 chair orange et le potimarron, \u00e0 la chair sucr\u00e9e et au go\u00fbt de ch\u00e2taigne. Le potiron se marie \u00e0 merveille avec les \u00e9pices comme la cannelle ou la noix de muscade. Comme la carotte, cette d\u00e9licieuse courge peut \u00eatre utilis\u00e9e pour la pr\u00e9paration de g\u00e2teaux, de gratins ou de cr\u00e8mes. [\/vc_column_text][vc_empty_space height=\u00a0\u00bb60px\u00a0\u00bb][\/vc_column][\/vc_row][vc_column][c21_last_news_horizontal header=\u00a0\u00bb\u00a0\u00bb title=\u00a0\u00bbDERNI\u00c8RES NEWS\u00a0\u00bb][\/vc_column][vc_row][vc_column][vc_empty_space height=\u00a0\u00bb60px\u00a0\u00bb][vc_separator border_width=\u00a0\u00bb3&Prime;][vc_empty_space][\/vc_column][\/vc_row][vc_row][vc_column][c21_image_text_full image=\u00a0\u00bb290&Prime; image_position=\u00a0\u00bbleft\u00a0\u00bb title=\u00a0\u00bbENVIE D\u2019EN SAVOIR PLUS ?\u00a0\u00bb text=\u00a0\u00bbN\u2019h\u00e9sitez pas \u00e0 nous contacter pour tout renseignement !\u00a0\u00bb link=\u00a0\u00bburl:https%3A%2F%2Fwww.ditosama.com%2Ffr%2Fcontactez-nous%2F|title:CONTACTEZ-NOUS\u00a0\u00bb][\/vc_column][\/vc_row]<\/p>\n<\/section>","protected":false},"excerpt":{"rendered":"<p>[vc_row][vc_column][vc_column_text]La pomme\u00a0\u00a0\u00a0 De la Reinette en passant par la Golden ou la Granny Smith\u00a0: il existe des centaines de vari\u00e9t\u00e9s de pommes diff\u00e9rentes, chacune ayant une saveur bien particuli\u00e8re. Choisissez-les bien fermes, \u00e0 la peau lisse et brillante, ni fl\u00e9tries, ni molles. La pomme peut \u00eatre utilis\u00e9e crue pour pr\u00e9parer des jus (\u00e0 l\u2019aide d\u2019une [&hellip;]<\/p>\n","protected":false},"author":1,"featured_media":13586,"comment_status":"open","ping_status":"open","sticky":false,"template":"","format":"standard","meta":{"inline_featured_image":false,"footnotes":""},"categories":[17],"tags":[154,186],"class_list":["post-2950","post","type-post","status-publish","format-standard","has-post-thumbnail","hentry","category-news-events","tag-tendances","tag-trends-fr"],"acf":[],"yoast_head":"<!-- This site is optimized with the Yoast SEO plugin v26.1.1 - https:\/\/yoast.com\/wordpress\/plugins\/seo\/ -->\n<title>Les fruits et l\u00e9gumes d&#039;hiver passent en cuisine ! | Dito Sama<\/title>\n<meta name=\"description\" content=\"News Dito Sama, Les fruits et l\u00e9gumes d&#039;hiver passent en cuisine !.\" \/>\n<meta name=\"robots\" content=\"index, follow, max-snippet:-1, max-image-preview:large, max-video-preview:-1\" \/>\n<link rel=\"canonical\" href=\"https:\/\/www.ditosama.com\/fr\/wp-json\/wp\/v2\/posts\/2950\" \/>\n<meta property=\"og:locale\" content=\"fr_FR\" \/>\n<meta property=\"og:type\" content=\"article\" \/>\n<meta property=\"og:title\" content=\"Les fruits et l\u00e9gumes d&#039;hiver passent en cuisine ! | Dito Sama\" \/>\n<meta property=\"og:description\" content=\"News Dito Sama, Les fruits et l\u00e9gumes d&#039;hiver passent en cuisine !.\" \/>\n<meta property=\"og:url\" content=\"https:\/\/www.ditosama.com\/fr\/news-events\/les-fruits-et-legumes-dhiver-passent-en-cuisine\/\" \/>\n<meta property=\"og:site_name\" content=\"Dito Sama\" \/>\n<meta property=\"article:published_time\" content=\"2022-12-19T08:49:30+00:00\" \/>\n<meta property=\"article:modified_time\" content=\"2026-04-03T16:12:20+00:00\" \/>\n<meta property=\"og:image\" content=\"https:\/\/www.ditosama.com\/wp-content\/uploads\/2023\/10\/MicrosoftTeams-image-48-1536x119-1.jpg\" \/>\n\t<meta property=\"og:image:width\" content=\"638\" \/>\n\t<meta property=\"og:image:height\" content=\"598\" \/>\n\t<meta property=\"og:image:type\" content=\"image\/jpeg\" \/>\n<meta name=\"author\" content=\"eprwebmaster@jobinformatica.it\" \/>\n<meta name=\"twitter:card\" content=\"summary_large_image\" \/>\n<meta name=\"twitter:label1\" content=\"\u00c9crit par\" \/>\n\t<meta name=\"twitter:data1\" content=\"eprwebmaster@jobinformatica.it\" \/>\n\t<meta name=\"twitter:label2\" content=\"Dur\u00e9e de lecture estim\u00e9e\" \/>\n\t<meta name=\"twitter:data2\" content=\"3 minutes\" \/>\n<script type=\"application\/ld+json\" class=\"yoast-schema-graph\">{\"@context\":\"https:\/\/schema.org\",\"@graph\":[{\"@type\":\"WebPage\",\"@id\":\"https:\/\/www.ditosama.com\/fr\/news-events\/les-fruits-et-legumes-dhiver-passent-en-cuisine\/\",\"url\":\"https:\/\/www.ditosama.com\/fr\/news-events\/les-fruits-et-legumes-dhiver-passent-en-cuisine\/\",\"name\":\"Les fruits et l\u00e9gumes d'hiver passent en cuisine ! | Dito Sama\",\"isPartOf\":{\"@id\":\"https:\/\/www.ditosama.com\/en\/#website\"},\"primaryImageOfPage\":{\"@id\":\"https:\/\/www.ditosama.com\/fr\/news-events\/les-fruits-et-legumes-dhiver-passent-en-cuisine\/#primaryimage\"},\"image\":{\"@id\":\"https:\/\/www.ditosama.com\/fr\/news-events\/les-fruits-et-legumes-dhiver-passent-en-cuisine\/#primaryimage\"},\"thumbnailUrl\":\"https:\/\/www.ditosama.com\/wp-content\/uploads\/2023\/10\/MicrosoftTeams-image-48-1536x119-1.jpg\",\"datePublished\":\"2022-12-19T08:49:30+00:00\",\"dateModified\":\"2026-04-03T16:12:20+00:00\",\"author\":{\"@id\":\"https:\/\/www.ditosama.com\/en\/#\/schema\/person\/7e0fbfa9cf791c46155f35ecea8a58a3\"},\"description\":\"News Dito Sama, Les fruits et l\u00e9gumes d'hiver passent en cuisine !.\",\"breadcrumb\":{\"@id\":\"https:\/\/www.ditosama.com\/fr\/news-events\/les-fruits-et-legumes-dhiver-passent-en-cuisine\/#breadcrumb\"},\"inLanguage\":\"fr-FR\",\"potentialAction\":[{\"@type\":\"ReadAction\",\"target\":[\"https:\/\/www.ditosama.com\/fr\/news-events\/les-fruits-et-legumes-dhiver-passent-en-cuisine\/\"]}]},{\"@type\":\"ImageObject\",\"inLanguage\":\"fr-FR\",\"@id\":\"https:\/\/www.ditosama.com\/fr\/news-events\/les-fruits-et-legumes-dhiver-passent-en-cuisine\/#primaryimage\",\"url\":\"https:\/\/www.ditosama.com\/wp-content\/uploads\/2023\/10\/MicrosoftTeams-image-48-1536x119-1.jpg\",\"contentUrl\":\"https:\/\/www.ditosama.com\/wp-content\/uploads\/2023\/10\/MicrosoftTeams-image-48-1536x119-1.jpg\",\"width\":638,\"height\":598},{\"@type\":\"BreadcrumbList\",\"@id\":\"https:\/\/www.ditosama.com\/fr\/news-events\/les-fruits-et-legumes-dhiver-passent-en-cuisine\/#breadcrumb\",\"itemListElement\":[{\"@type\":\"ListItem\",\"position\":1,\"name\":\"Home\",\"item\":\"https:\/\/www.ditosama.com\/fr\/\"},{\"@type\":\"ListItem\",\"position\":2,\"name\":\"Les fruits et l\u00e9gumes d&#8217;hiver passent en cuisine !\"}]},{\"@type\":\"WebSite\",\"@id\":\"https:\/\/www.ditosama.com\/en\/#website\",\"url\":\"https:\/\/www.ditosama.com\/en\/\",\"name\":\"Dito Sama\",\"description\":\"\",\"potentialAction\":[{\"@type\":\"SearchAction\",\"target\":{\"@type\":\"EntryPoint\",\"urlTemplate\":\"https:\/\/www.ditosama.com\/en\/?s={search_term_string}\"},\"query-input\":{\"@type\":\"PropertyValueSpecification\",\"valueRequired\":true,\"valueName\":\"search_term_string\"}}],\"inLanguage\":\"fr-FR\"},{\"@type\":\"Person\",\"@id\":\"https:\/\/www.ditosama.com\/en\/#\/schema\/person\/7e0fbfa9cf791c46155f35ecea8a58a3\",\"name\":\"eprwebmaster@jobinformatica.it\",\"sameAs\":[\"https:\/\/www.ditosama.com\"],\"url\":\"https:\/\/www.ditosama.com\/fr\/author\/eprwebmasterjobinformatica-it\/\"}]}<\/script>\n<!-- \/ Yoast SEO plugin. -->","yoast_head_json":{"title":"Les fruits et l\u00e9gumes d'hiver passent en cuisine ! | Dito Sama","description":"News Dito Sama, Les fruits et l\u00e9gumes d'hiver passent en cuisine !.","robots":{"index":"index","follow":"follow","max-snippet":"max-snippet:-1","max-image-preview":"max-image-preview:large","max-video-preview":"max-video-preview:-1"},"canonical":"https:\/\/www.ditosama.com\/fr\/wp-json\/wp\/v2\/posts\/2950","og_locale":"fr_FR","og_type":"article","og_title":"Les fruits et l\u00e9gumes d'hiver passent en cuisine ! | Dito Sama","og_description":"News Dito Sama, Les fruits et l\u00e9gumes d'hiver passent en cuisine !.","og_url":"https:\/\/www.ditosama.com\/fr\/news-events\/les-fruits-et-legumes-dhiver-passent-en-cuisine\/","og_site_name":"Dito Sama","article_published_time":"2022-12-19T08:49:30+00:00","article_modified_time":"2026-04-03T16:12:20+00:00","og_image":[{"width":638,"height":598,"url":"https:\/\/www.ditosama.com\/wp-content\/uploads\/2023\/10\/MicrosoftTeams-image-48-1536x119-1.jpg","type":"image\/jpeg"}],"author":"eprwebmaster@jobinformatica.it","twitter_card":"summary_large_image","twitter_misc":{"\u00c9crit par":"eprwebmaster@jobinformatica.it","Dur\u00e9e de lecture estim\u00e9e":"3 minutes"},"schema":{"@context":"https:\/\/schema.org","@graph":[{"@type":"WebPage","@id":"https:\/\/www.ditosama.com\/fr\/news-events\/les-fruits-et-legumes-dhiver-passent-en-cuisine\/","url":"https:\/\/www.ditosama.com\/fr\/news-events\/les-fruits-et-legumes-dhiver-passent-en-cuisine\/","name":"Les fruits et l\u00e9gumes d'hiver passent en cuisine ! | Dito Sama","isPartOf":{"@id":"https:\/\/www.ditosama.com\/en\/#website"},"primaryImageOfPage":{"@id":"https:\/\/www.ditosama.com\/fr\/news-events\/les-fruits-et-legumes-dhiver-passent-en-cuisine\/#primaryimage"},"image":{"@id":"https:\/\/www.ditosama.com\/fr\/news-events\/les-fruits-et-legumes-dhiver-passent-en-cuisine\/#primaryimage"},"thumbnailUrl":"https:\/\/www.ditosama.com\/wp-content\/uploads\/2023\/10\/MicrosoftTeams-image-48-1536x119-1.jpg","datePublished":"2022-12-19T08:49:30+00:00","dateModified":"2026-04-03T16:12:20+00:00","author":{"@id":"https:\/\/www.ditosama.com\/en\/#\/schema\/person\/7e0fbfa9cf791c46155f35ecea8a58a3"},"description":"News Dito Sama, Les fruits et l\u00e9gumes d'hiver passent en cuisine !.","breadcrumb":{"@id":"https:\/\/www.ditosama.com\/fr\/news-events\/les-fruits-et-legumes-dhiver-passent-en-cuisine\/#breadcrumb"},"inLanguage":"fr-FR","potentialAction":[{"@type":"ReadAction","target":["https:\/\/www.ditosama.com\/fr\/news-events\/les-fruits-et-legumes-dhiver-passent-en-cuisine\/"]}]},{"@type":"ImageObject","inLanguage":"fr-FR","@id":"https:\/\/www.ditosama.com\/fr\/news-events\/les-fruits-et-legumes-dhiver-passent-en-cuisine\/#primaryimage","url":"https:\/\/www.ditosama.com\/wp-content\/uploads\/2023\/10\/MicrosoftTeams-image-48-1536x119-1.jpg","contentUrl":"https:\/\/www.ditosama.com\/wp-content\/uploads\/2023\/10\/MicrosoftTeams-image-48-1536x119-1.jpg","width":638,"height":598},{"@type":"BreadcrumbList","@id":"https:\/\/www.ditosama.com\/fr\/news-events\/les-fruits-et-legumes-dhiver-passent-en-cuisine\/#breadcrumb","itemListElement":[{"@type":"ListItem","position":1,"name":"Home","item":"https:\/\/www.ditosama.com\/fr\/"},{"@type":"ListItem","position":2,"name":"Les fruits et l\u00e9gumes d&#8217;hiver passent en cuisine !"}]},{"@type":"WebSite","@id":"https:\/\/www.ditosama.com\/en\/#website","url":"https:\/\/www.ditosama.com\/en\/","name":"Dito Sama","description":"","potentialAction":[{"@type":"SearchAction","target":{"@type":"EntryPoint","urlTemplate":"https:\/\/www.ditosama.com\/en\/?s={search_term_string}"},"query-input":{"@type":"PropertyValueSpecification","valueRequired":true,"valueName":"search_term_string"}}],"inLanguage":"fr-FR"},{"@type":"Person","@id":"https:\/\/www.ditosama.com\/en\/#\/schema\/person\/7e0fbfa9cf791c46155f35ecea8a58a3","name":"eprwebmaster@jobinformatica.it","sameAs":["https:\/\/www.ditosama.com"],"url":"https:\/\/www.ditosama.com\/fr\/author\/eprwebmasterjobinformatica-it\/"}]}},"_links":{"self":[{"href":"https:\/\/www.ditosama.com\/fr\/wp-json\/wp\/v2\/posts\/2950","targetHints":{"allow":["GET"]}}],"collection":[{"href":"https:\/\/www.ditosama.com\/fr\/wp-json\/wp\/v2\/posts"}],"about":[{"href":"https:\/\/www.ditosama.com\/fr\/wp-json\/wp\/v2\/types\/post"}],"author":[{"embeddable":true,"href":"https:\/\/www.ditosama.com\/fr\/wp-json\/wp\/v2\/users\/1"}],"replies":[{"embeddable":true,"href":"https:\/\/www.ditosama.com\/fr\/wp-json\/wp\/v2\/comments?post=2950"}],"version-history":[{"count":10,"href":"https:\/\/www.ditosama.com\/fr\/wp-json\/wp\/v2\/posts\/2950\/revisions"}],"predecessor-version":[{"id":13690,"href":"https:\/\/www.ditosama.com\/fr\/wp-json\/wp\/v2\/posts\/2950\/revisions\/13690"}],"wp:featuredmedia":[{"embeddable":true,"href":"https:\/\/www.ditosama.com\/fr\/wp-json\/wp\/v2\/media\/13586"}],"wp:attachment":[{"href":"https:\/\/www.ditosama.com\/fr\/wp-json\/wp\/v2\/media?parent=2950"}],"wp:term":[{"taxonomy":"category","embeddable":true,"href":"https:\/\/www.ditosama.com\/fr\/wp-json\/wp\/v2\/categories?post=2950"},{"taxonomy":"post_tag","embeddable":true,"href":"https:\/\/www.ditosama.com\/fr\/wp-json\/wp\/v2\/tags?post=2950"}],"curies":[{"name":"wp","href":"https:\/\/api.w.org\/{rel}","templated":true}]}}