{"id":25097,"date":"2024-06-05T08:14:58","date_gmt":"2024-06-05T08:14:58","guid":{"rendered":"https:\/\/www.ditosama.com\/?p=25097"},"modified":"2024-06-05T08:55:33","modified_gmt":"2024-06-05T08:55:33","slug":"journee-mondiale-de-lenvironnement-un-appel-a-laction-pour-un-avenir-durable","status":"publish","type":"post","link":"https:\/\/www.ditosama.com\/fr\/news-events\/journee-mondiale-de-lenvironnement-un-appel-a-laction-pour-un-avenir-durable\/","title":{"rendered":"Journ\u00e9e mondiale de l&rsquo;environnement : un appel \u00e0 l&rsquo;action pour un avenir durable"},"content":{"rendered":"<section class=\"wpb-content-wrapper\"><p>[vc_row][vc_column][vc_column_text]<span data-contrast=\"auto\">Cette journ\u00e9e a \u00e9t\u00e9 instaur\u00e9e par les Nations Unies en 1974 pour encourager la prise de conscience et l&rsquo;action en faveur d&rsquo;une consommation raisonn\u00e9e et de la pr\u00e9servation de notre plan\u00e8te.\u202f<\/span><span data-ccp-props=\"{&quot;201341983&quot;:0,&quot;335559739&quot;:0,&quot;335559740&quot;:240}\">\u00a0<\/span><\/p>\n<p><span data-contrast=\"auto\">La Journ\u00e9e mondiale de l&rsquo;environnement est plus qu&rsquo;un simple \u00e9v\u00e9nement annuel ; c&rsquo;est un mouvement global qui encourage l&rsquo;engagement des individus, des communaut\u00e9s et des organisations en faveur de la protection de l&rsquo;environnement. Chaque ann\u00e9e, l&rsquo;\u00e9v\u00e9nement se concentre sur un th\u00e8me diff\u00e9rent, mettant en lumi\u00e8re des d\u00e9fis environnementaux urgents. Qu&rsquo;il s&rsquo;agisse de lutter contre la pollution plastique, de prot\u00e9ger la faune ou de promouvoir un mode de vie durable, ces th\u00e8mes inspirent des campagnes et des initiatives percutantes. La campagne de la Journ\u00e9e mondiale de l&rsquo;environnement de cette ann\u00e9e se concentre sur la restauration des terres, la lutte contre la d\u00e9sertification et la r\u00e9silience face \u00e0 la s\u00e9cheresse.<\/span><span data-ccp-props=\"{&quot;201341983&quot;:0,&quot;335559739&quot;:0,&quot;335559740&quot;:240}\">\u00a0<\/span><\/p>\n<p><span data-contrast=\"auto\">Chez Dito Sama, nous sommes profond\u00e9ment engag\u00e9s pour la durabilit\u00e9 et la responsabilit\u00e9 environnementale. Notre mission est de fournir une \u00ab\u202ffresh experience\u202f\u00bb et responsable \u00e0 travers nos produits. Nous croyons que chaque \u00e9tape, de la conception \u00e0 la production, de la gestion du cycle de vie \u00e0 l&#8217;emballage et au transport, doit refl\u00e9ter notre engagement pour l\u2019environnement :<\/span><span data-ccp-props=\"{&quot;201341983&quot;:0,&quot;335559739&quot;:0,&quot;335559740&quot;:240}\">\u00a0<\/span><\/p>\n<ul>\n<li data-leveltext=\"\uf0b7\" data-font=\"Symbol\" data-listid=\"30\" data-list-defn-props=\"{&quot;335552541&quot;:1,&quot;335559685&quot;:720,&quot;335559991&quot;:360,&quot;469769226&quot;:&quot;Symbol&quot;,&quot;469769242&quot;:[8226],&quot;469777803&quot;:&quot;left&quot;,&quot;469777804&quot;:&quot;\uf0b7&quot;,&quot;469777815&quot;:&quot;hybridMultilevel&quot;}\" aria-setsize=\"-1\" data-aria-posinset=\"1\" data-aria-level=\"1\"><b><span data-contrast=\"auto\">Pas de m\u00e9taux lourds dans nos produits (conform\u00e9ment aux normes REACH &amp; ROHS) et pas de BPA <\/span><\/b><span data-contrast=\"auto\">: garantir que nos produits sont exempts de substances nocives prot\u00e8ge \u00e0 la fois l&rsquo;environnement et la sant\u00e9 des consommateurs.<\/span><span data-ccp-props=\"{&quot;201341983&quot;:0,&quot;335559739&quot;:0,&quot;335559740&quot;:240}\">\u00a0<\/span><\/li>\n<\/ul>\n<ul>\n<li data-leveltext=\"\uf0b7\" data-font=\"Symbol\" data-listid=\"30\" data-list-defn-props=\"{&quot;335552541&quot;:1,&quot;335559685&quot;:720,&quot;335559991&quot;:360,&quot;469769226&quot;:&quot;Symbol&quot;,&quot;469769242&quot;:[8226],&quot;469777803&quot;:&quot;left&quot;,&quot;469777804&quot;:&quot;\uf0b7&quot;,&quot;469777815&quot;:&quot;hybridMultilevel&quot;}\" aria-setsize=\"-1\" data-aria-posinset=\"2\" data-aria-level=\"1\"><b><span data-contrast=\"auto\">Minimisation de l&#8217;empreinte environnementale \u00e0 chaque \u00e9tape<\/span><\/b><span data-contrast=\"auto\"> : de l&rsquo;approvisionnement en mati\u00e8res premi\u00e8res \u00e0 la livraison du produit final, nous nous effor\u00e7ons de r\u00e9duire les d\u00e9chets et les \u00e9missions de mati\u00e8re m\u00e9ticuleuse.\u202f<\/span><span data-ccp-props=\"{&quot;201341983&quot;:0,&quot;335559739&quot;:0,&quot;335559740&quot;:240}\">\u00a0<\/span><\/li>\n<\/ul>\n<ul>\n<li data-leveltext=\"\uf0b7\" data-font=\"Symbol\" data-listid=\"30\" data-list-defn-props=\"{&quot;335552541&quot;:1,&quot;335559685&quot;:720,&quot;335559991&quot;:360,&quot;469769226&quot;:&quot;Symbol&quot;,&quot;469769242&quot;:[8226],&quot;469777803&quot;:&quot;left&quot;,&quot;469777804&quot;:&quot;\uf0b7&quot;,&quot;469777815&quot;:&quot;hybridMultilevel&quot;}\" aria-setsize=\"-1\" data-aria-posinset=\"3\" data-aria-level=\"1\"><b><span data-contrast=\"auto\">Certifications ISO 9001 (Qualit\u00e9) et ISO 14001 (Environnement)<\/span><\/b><span data-contrast=\"auto\"> : ces certifications valident notre engagement en mati\u00e8re de gestion de la qualit\u00e9 et de l&rsquo;environnement.\u202f<\/span><span data-ccp-props=\"{&quot;201341983&quot;:0,&quot;335559739&quot;:0,&quot;335559740&quot;:240}\">\u00a0<\/span><\/li>\n<\/ul>\n<ul>\n<li data-leveltext=\"\uf0b7\" data-font=\"Symbol\" data-listid=\"30\" data-list-defn-props=\"{&quot;335552541&quot;:1,&quot;335559685&quot;:720,&quot;335559991&quot;:360,&quot;469769226&quot;:&quot;Symbol&quot;,&quot;469769242&quot;:[8226],&quot;469777803&quot;:&quot;left&quot;,&quot;469777804&quot;:&quot;\uf0b7&quot;,&quot;469777815&quot;:&quot;hybridMultilevel&quot;}\" aria-setsize=\"-1\" data-aria-posinset=\"4\" data-aria-level=\"1\"><b><span data-contrast=\"auto\">S\u00e9lection des transporteurs selon des crit\u00e8res stricts, y compris la conformit\u00e9 \u00e0 la norme EURO 6<\/span><\/b><span data-contrast=\"auto\"> : nous choisissons des transporteurs qui partagent notre engagement \u00e0 r\u00e9duire les \u00e9missions de carbone depuis le site de fabrication jusqu&rsquo;\u00e0 votre porte<\/span><span data-ccp-props=\"{&quot;201341983&quot;:0,&quot;335559739&quot;:0,&quot;335559740&quot;:240}\">\u00a0<\/span><\/li>\n<\/ul>\n<ul>\n<li data-leveltext=\"\uf0b7\" data-font=\"Symbol\" data-listid=\"30\" data-list-defn-props=\"{&quot;335552541&quot;:1,&quot;335559685&quot;:720,&quot;335559991&quot;:360,&quot;469769226&quot;:&quot;Symbol&quot;,&quot;469769242&quot;:[8226],&quot;469777803&quot;:&quot;left&quot;,&quot;469777804&quot;:&quot;\uf0b7&quot;,&quot;469777815&quot;:&quot;hybridMultilevel&quot;}\" aria-setsize=\"-1\" data-aria-posinset=\"5\" data-aria-level=\"1\"><b><span data-contrast=\"auto\">Respect des normes et r\u00e9glementations en vigueur pour une gestion appropri\u00e9e des d\u00e9chets<\/span><\/b><span data-contrast=\"auto\">: la conformit\u00e9 aux r\u00e9glementations de gestion des d\u00e9chets fait partie int\u00e9grante de notre strat\u00e9gie environnementale. Pour en savoir plus, consultez notre vid\u00e9o d\u00e9di\u00e9e :<\/span><span data-ccp-props=\"{&quot;201341983&quot;:0,&quot;335559739&quot;:0,&quot;335559740&quot;:240}\">\u00a0<\/span><\/li>\n<\/ul>\n<p>[\/vc_column_text][vc_video link=\u00a0\u00bbhttps:\/\/youtu.be\/8Yvk3NRfdsI?si=OztkIwvAJim0flTo\u00a0\u00bb el_width=\u00a0\u00bb60&Prime; align=\u00a0\u00bbcenter\u00a0\u00bb][vc_column_text]<span data-contrast=\"auto\">En choisissant Dito Sama, vous b\u00e9n\u00e9ficiez non seulement de produits et services de qualit\u00e9 sup\u00e9rieurs, mais vous contribuez \u00e9galement \u00e0 r\u00e9duire les impacts environnementaux et sociaux. Notre approche t\u00e9moigne du fait que les entreprises peuvent prosp\u00e9rer tout en \u00e9tant \u00e9cologiques et socialement responsables.<\/span><span data-ccp-props=\"{&quot;201341983&quot;:0,&quot;335559739&quot;:0,&quot;335559740&quot;:240}\">\u00a0<\/span><\/p>\n<p><span data-contrast=\"auto\">En cette Journ\u00e9e mondiale de l&rsquo;environnement, r\u00e9fl\u00e9chissons \u00e0 la mani\u00e8re dont nos actions affectent la plan\u00e8te. Chaque geste compte. Qu&rsquo;il s&rsquo;agisse de r\u00e9duire l&rsquo;utilisation de plastique, de conserver l&rsquo;eau ou de soutenir les marques durables, chaque effort contribue \u00e0 construire un avenir plus durable.<\/span><span data-ccp-props=\"{&quot;201341983&quot;:0,&quot;335559739&quot;:0,&quot;335559740&quot;:240}\">\u00a0<\/span><\/p>\n<p><span data-contrast=\"auto\">Rejoignez-nous pour faire de chaque jour une \u00e9tape vers un monde plus vert et plus durable. Ensemble, nous pouvons prot\u00e9ger et pr\u00e9server notre plan\u00e8te pour les g\u00e9n\u00e9rations futures.<\/span><span data-ccp-props=\"{&quot;201341983&quot;:0,&quot;335559739&quot;:0,&quot;335559740&quot;:240}\">\u00a0<\/span>[\/vc_column_text][vc_empty_space height=\u00a0\u00bb60px\u00a0\u00bb][\/vc_column][\/vc_row][vc_row][vc_column][c21_last_news_horizontal header=\u00a0\u00bb\u00a0\u00bb title=\u00a0\u00bbDERNI\u00c8RES NEWS\u00a0\u00bb][\/vc_column][\/vc_row][vc_row][vc_column][vc_empty_space height=\u00a0\u00bb60px\u00a0\u00bb][\/vc_column][\/vc_row][vc_row][vc_column][c21_image_text_full image=\u00a0\u00bb96&Prime; image_position=\u00a0\u00bbleft\u00a0\u00bb title=\u00a0\u00bbENVIE D\u2019EN SAVOIR PLUS ?\u00a0\u00bb text=\u00a0\u00bbN\u2019h\u00e9sitez pas \u00e0 nous contacter pour tout renseignement !\u00a0\u00bb link=\u00a0\u00bburl:https%3A%2F%2Fwww.ditosama.com%2Ffr%2Fcontactez-nous%2F|title:CONTACTEZ-NOUS\u00a0\u00bb][\/vc_column][\/vc_row][vc_row][vc_column][vc_column_text][\/vc_column_text][\/vc_column][\/vc_row][vc_row][vc_column][vc_column_text][\/vc_column_text][\/vc_column][\/vc_row]<\/p>\n<\/section>","protected":false},"excerpt":{"rendered":"<p>[vc_row][vc_column][vc_column_text]Cette journ\u00e9e a \u00e9t\u00e9 instaur\u00e9e par les Nations Unies en 1974 pour encourager la prise de conscience et l&rsquo;action en faveur d&rsquo;une consommation raisonn\u00e9e et de la pr\u00e9servation de notre plan\u00e8te.\u202f\u00a0 La Journ\u00e9e mondiale de l&rsquo;environnement est plus qu&rsquo;un simple \u00e9v\u00e9nement annuel ; c&rsquo;est un mouvement global qui encourage l&rsquo;engagement des individus, des communaut\u00e9s et [&hellip;]<\/p>\n","protected":false},"author":15,"featured_media":25065,"comment_status":"closed","ping_status":"open","sticky":false,"template":"","format":"standard","meta":{"inline_featured_image":false,"footnotes":""},"categories":[17],"tags":[154,216],"class_list":["post-25097","post","type-post","status-publish","format-standard","has-post-thumbnail","hentry","category-news-events","tag-tendances","tag-trends-fr-2"],"acf":[],"yoast_head":"<!-- This site is optimized with the Yoast SEO plugin v26.1.1 - https:\/\/yoast.com\/wordpress\/plugins\/seo\/ -->\n<title>Journ\u00e9e mondiale de l&#039;environnement : un appel \u00e0 l&#039;action pour un avenir durable | Dito Sama<\/title>\n<meta name=\"description\" content=\"Chez Dito Sama, nous sommes profond\u00e9ment engag\u00e9s pour le d\u00e9veloppement durable et la gestion environnementale. Voici comment nous proc\u00e9dons.\" \/>\n<meta name=\"robots\" content=\"index, follow, max-snippet:-1, max-image-preview:large, max-video-preview:-1\" \/>\n<link rel=\"canonical\" href=\"https:\/\/www.ditosama.com\/fr\/wp-json\/wp\/v2\/posts\/25097\" \/>\n<meta property=\"og:locale\" content=\"fr_FR\" \/>\n<meta property=\"og:type\" content=\"article\" \/>\n<meta property=\"og:title\" content=\"Journ\u00e9e mondiale de l&#039;environnement : un appel \u00e0 l&#039;action pour un avenir durable | Dito Sama\" \/>\n<meta property=\"og:description\" content=\"Chez Dito Sama, nous sommes profond\u00e9ment engag\u00e9s pour le d\u00e9veloppement durable et la gestion environnementale. Voici comment nous proc\u00e9dons.\" \/>\n<meta property=\"og:url\" content=\"https:\/\/www.ditosama.com\/fr\/news-events\/journee-mondiale-de-lenvironnement-un-appel-a-laction-pour-un-avenir-durable\/\" \/>\n<meta property=\"og:site_name\" content=\"Dito Sama\" \/>\n<meta property=\"article:published_time\" content=\"2024-06-05T08:14:58+00:00\" \/>\n<meta property=\"article:modified_time\" content=\"2024-06-05T08:55:33+00:00\" \/>\n<meta property=\"og:image\" content=\"https:\/\/www.ditosama.com\/wp-content\/uploads\/2024\/06\/Aubusson-320x300-1.jpg\" \/>\n\t<meta property=\"og:image:width\" content=\"320\" \/>\n\t<meta property=\"og:image:height\" content=\"300\" \/>\n\t<meta property=\"og:image:type\" content=\"image\/jpeg\" \/>\n<meta name=\"author\" content=\"adrien.poggi@electroluxprofessional.com\" \/>\n<meta name=\"twitter:card\" content=\"summary_large_image\" \/>\n<meta name=\"twitter:label1\" content=\"\u00c9crit par\" \/>\n\t<meta name=\"twitter:data1\" content=\"adrien.poggi@electroluxprofessional.com\" \/>\n\t<meta name=\"twitter:label2\" content=\"Dur\u00e9e de lecture estim\u00e9e\" \/>\n\t<meta name=\"twitter:data2\" content=\"3 minutes\" \/>\n<script type=\"application\/ld+json\" class=\"yoast-schema-graph\">{\"@context\":\"https:\/\/schema.org\",\"@graph\":[{\"@type\":\"WebPage\",\"@id\":\"https:\/\/www.ditosama.com\/fr\/news-events\/journee-mondiale-de-lenvironnement-un-appel-a-laction-pour-un-avenir-durable\/\",\"url\":\"https:\/\/www.ditosama.com\/fr\/news-events\/journee-mondiale-de-lenvironnement-un-appel-a-laction-pour-un-avenir-durable\/\",\"name\":\"Journ\u00e9e mondiale de l'environnement : un appel \u00e0 l'action pour un avenir durable | Dito Sama\",\"isPartOf\":{\"@id\":\"https:\/\/www.ditosama.com\/en\/#website\"},\"primaryImageOfPage\":{\"@id\":\"https:\/\/www.ditosama.com\/fr\/news-events\/journee-mondiale-de-lenvironnement-un-appel-a-laction-pour-un-avenir-durable\/#primaryimage\"},\"image\":{\"@id\":\"https:\/\/www.ditosama.com\/fr\/news-events\/journee-mondiale-de-lenvironnement-un-appel-a-laction-pour-un-avenir-durable\/#primaryimage\"},\"thumbnailUrl\":\"https:\/\/www.ditosama.com\/wp-content\/uploads\/2024\/06\/Aubusson-320x300-1.jpg\",\"datePublished\":\"2024-06-05T08:14:58+00:00\",\"dateModified\":\"2024-06-05T08:55:33+00:00\",\"author\":{\"@id\":\"https:\/\/www.ditosama.com\/en\/#\/schema\/person\/7eb4b51dae3f680252db7164a6bb7bcb\"},\"description\":\"Chez Dito Sama, nous sommes profond\u00e9ment engag\u00e9s pour le d\u00e9veloppement durable et la gestion environnementale. Voici comment nous proc\u00e9dons.\",\"breadcrumb\":{\"@id\":\"https:\/\/www.ditosama.com\/fr\/news-events\/journee-mondiale-de-lenvironnement-un-appel-a-laction-pour-un-avenir-durable\/#breadcrumb\"},\"inLanguage\":\"fr-FR\",\"potentialAction\":[{\"@type\":\"ReadAction\",\"target\":[\"https:\/\/www.ditosama.com\/fr\/news-events\/journee-mondiale-de-lenvironnement-un-appel-a-laction-pour-un-avenir-durable\/\"]}]},{\"@type\":\"ImageObject\",\"inLanguage\":\"fr-FR\",\"@id\":\"https:\/\/www.ditosama.com\/fr\/news-events\/journee-mondiale-de-lenvironnement-un-appel-a-laction-pour-un-avenir-durable\/#primaryimage\",\"url\":\"https:\/\/www.ditosama.com\/wp-content\/uploads\/2024\/06\/Aubusson-320x300-1.jpg\",\"contentUrl\":\"https:\/\/www.ditosama.com\/wp-content\/uploads\/2024\/06\/Aubusson-320x300-1.jpg\",\"width\":320,\"height\":300,\"caption\":\"lake with trees and houses\"},{\"@type\":\"BreadcrumbList\",\"@id\":\"https:\/\/www.ditosama.com\/fr\/news-events\/journee-mondiale-de-lenvironnement-un-appel-a-laction-pour-un-avenir-durable\/#breadcrumb\",\"itemListElement\":[{\"@type\":\"ListItem\",\"position\":1,\"name\":\"Home\",\"item\":\"https:\/\/www.ditosama.com\/fr\/\"},{\"@type\":\"ListItem\",\"position\":2,\"name\":\"Journ\u00e9e mondiale de l&#8217;environnement : un appel \u00e0 l&#8217;action pour un avenir durable\"}]},{\"@type\":\"WebSite\",\"@id\":\"https:\/\/www.ditosama.com\/en\/#website\",\"url\":\"https:\/\/www.ditosama.com\/en\/\",\"name\":\"Dito Sama\",\"description\":\"\",\"potentialAction\":[{\"@type\":\"SearchAction\",\"target\":{\"@type\":\"EntryPoint\",\"urlTemplate\":\"https:\/\/www.ditosama.com\/en\/?s={search_term_string}\"},\"query-input\":{\"@type\":\"PropertyValueSpecification\",\"valueRequired\":true,\"valueName\":\"search_term_string\"}}],\"inLanguage\":\"fr-FR\"},{\"@type\":\"Person\",\"@id\":\"https:\/\/www.ditosama.com\/en\/#\/schema\/person\/7eb4b51dae3f680252db7164a6bb7bcb\",\"name\":\"adrien.poggi@electroluxprofessional.com\",\"url\":\"https:\/\/www.ditosama.com\/fr\/author\/adrien-poggielectroluxprofessional-com\/\"}]}<\/script>\n<!-- \/ Yoast SEO plugin. -->","yoast_head_json":{"title":"Journ\u00e9e mondiale de l'environnement : un appel \u00e0 l'action pour un avenir durable | Dito Sama","description":"Chez Dito Sama, nous sommes profond\u00e9ment engag\u00e9s pour le d\u00e9veloppement durable et la gestion environnementale. Voici comment nous proc\u00e9dons.","robots":{"index":"index","follow":"follow","max-snippet":"max-snippet:-1","max-image-preview":"max-image-preview:large","max-video-preview":"max-video-preview:-1"},"canonical":"https:\/\/www.ditosama.com\/fr\/wp-json\/wp\/v2\/posts\/25097","og_locale":"fr_FR","og_type":"article","og_title":"Journ\u00e9e mondiale de l'environnement : un appel \u00e0 l'action pour un avenir durable | Dito Sama","og_description":"Chez Dito Sama, nous sommes profond\u00e9ment engag\u00e9s pour le d\u00e9veloppement durable et la gestion environnementale. Voici comment nous proc\u00e9dons.","og_url":"https:\/\/www.ditosama.com\/fr\/news-events\/journee-mondiale-de-lenvironnement-un-appel-a-laction-pour-un-avenir-durable\/","og_site_name":"Dito Sama","article_published_time":"2024-06-05T08:14:58+00:00","article_modified_time":"2024-06-05T08:55:33+00:00","og_image":[{"width":320,"height":300,"url":"https:\/\/www.ditosama.com\/wp-content\/uploads\/2024\/06\/Aubusson-320x300-1.jpg","type":"image\/jpeg"}],"author":"adrien.poggi@electroluxprofessional.com","twitter_card":"summary_large_image","twitter_misc":{"\u00c9crit par":"adrien.poggi@electroluxprofessional.com","Dur\u00e9e de lecture estim\u00e9e":"3 minutes"},"schema":{"@context":"https:\/\/schema.org","@graph":[{"@type":"WebPage","@id":"https:\/\/www.ditosama.com\/fr\/news-events\/journee-mondiale-de-lenvironnement-un-appel-a-laction-pour-un-avenir-durable\/","url":"https:\/\/www.ditosama.com\/fr\/news-events\/journee-mondiale-de-lenvironnement-un-appel-a-laction-pour-un-avenir-durable\/","name":"Journ\u00e9e mondiale de l'environnement : un appel \u00e0 l'action pour un avenir durable | Dito Sama","isPartOf":{"@id":"https:\/\/www.ditosama.com\/en\/#website"},"primaryImageOfPage":{"@id":"https:\/\/www.ditosama.com\/fr\/news-events\/journee-mondiale-de-lenvironnement-un-appel-a-laction-pour-un-avenir-durable\/#primaryimage"},"image":{"@id":"https:\/\/www.ditosama.com\/fr\/news-events\/journee-mondiale-de-lenvironnement-un-appel-a-laction-pour-un-avenir-durable\/#primaryimage"},"thumbnailUrl":"https:\/\/www.ditosama.com\/wp-content\/uploads\/2024\/06\/Aubusson-320x300-1.jpg","datePublished":"2024-06-05T08:14:58+00:00","dateModified":"2024-06-05T08:55:33+00:00","author":{"@id":"https:\/\/www.ditosama.com\/en\/#\/schema\/person\/7eb4b51dae3f680252db7164a6bb7bcb"},"description":"Chez Dito Sama, nous sommes profond\u00e9ment engag\u00e9s pour le d\u00e9veloppement durable et la gestion environnementale. Voici comment nous proc\u00e9dons.","breadcrumb":{"@id":"https:\/\/www.ditosama.com\/fr\/news-events\/journee-mondiale-de-lenvironnement-un-appel-a-laction-pour-un-avenir-durable\/#breadcrumb"},"inLanguage":"fr-FR","potentialAction":[{"@type":"ReadAction","target":["https:\/\/www.ditosama.com\/fr\/news-events\/journee-mondiale-de-lenvironnement-un-appel-a-laction-pour-un-avenir-durable\/"]}]},{"@type":"ImageObject","inLanguage":"fr-FR","@id":"https:\/\/www.ditosama.com\/fr\/news-events\/journee-mondiale-de-lenvironnement-un-appel-a-laction-pour-un-avenir-durable\/#primaryimage","url":"https:\/\/www.ditosama.com\/wp-content\/uploads\/2024\/06\/Aubusson-320x300-1.jpg","contentUrl":"https:\/\/www.ditosama.com\/wp-content\/uploads\/2024\/06\/Aubusson-320x300-1.jpg","width":320,"height":300,"caption":"lake with trees and houses"},{"@type":"BreadcrumbList","@id":"https:\/\/www.ditosama.com\/fr\/news-events\/journee-mondiale-de-lenvironnement-un-appel-a-laction-pour-un-avenir-durable\/#breadcrumb","itemListElement":[{"@type":"ListItem","position":1,"name":"Home","item":"https:\/\/www.ditosama.com\/fr\/"},{"@type":"ListItem","position":2,"name":"Journ\u00e9e mondiale de l&#8217;environnement : un appel \u00e0 l&#8217;action pour un avenir durable"}]},{"@type":"WebSite","@id":"https:\/\/www.ditosama.com\/en\/#website","url":"https:\/\/www.ditosama.com\/en\/","name":"Dito Sama","description":"","potentialAction":[{"@type":"SearchAction","target":{"@type":"EntryPoint","urlTemplate":"https:\/\/www.ditosama.com\/en\/?s={search_term_string}"},"query-input":{"@type":"PropertyValueSpecification","valueRequired":true,"valueName":"search_term_string"}}],"inLanguage":"fr-FR"},{"@type":"Person","@id":"https:\/\/www.ditosama.com\/en\/#\/schema\/person\/7eb4b51dae3f680252db7164a6bb7bcb","name":"adrien.poggi@electroluxprofessional.com","url":"https:\/\/www.ditosama.com\/fr\/author\/adrien-poggielectroluxprofessional-com\/"}]}},"_links":{"self":[{"href":"https:\/\/www.ditosama.com\/fr\/wp-json\/wp\/v2\/posts\/25097","targetHints":{"allow":["GET"]}}],"collection":[{"href":"https:\/\/www.ditosama.com\/fr\/wp-json\/wp\/v2\/posts"}],"about":[{"href":"https:\/\/www.ditosama.com\/fr\/wp-json\/wp\/v2\/types\/post"}],"author":[{"embeddable":true,"href":"https:\/\/www.ditosama.com\/fr\/wp-json\/wp\/v2\/users\/15"}],"replies":[{"embeddable":true,"href":"https:\/\/www.ditosama.com\/fr\/wp-json\/wp\/v2\/comments?post=25097"}],"version-history":[{"count":2,"href":"https:\/\/www.ditosama.com\/fr\/wp-json\/wp\/v2\/posts\/25097\/revisions"}],"predecessor-version":[{"id":25099,"href":"https:\/\/www.ditosama.com\/fr\/wp-json\/wp\/v2\/posts\/25097\/revisions\/25099"}],"wp:featuredmedia":[{"embeddable":true,"href":"https:\/\/www.ditosama.com\/fr\/wp-json\/wp\/v2\/media\/25065"}],"wp:attachment":[{"href":"https:\/\/www.ditosama.com\/fr\/wp-json\/wp\/v2\/media?parent=25097"}],"wp:term":[{"taxonomy":"category","embeddable":true,"href":"https:\/\/www.ditosama.com\/fr\/wp-json\/wp\/v2\/categories?post=25097"},{"taxonomy":"post_tag","embeddable":true,"href":"https:\/\/www.ditosama.com\/fr\/wp-json\/wp\/v2\/tags?post=25097"}],"curies":[{"name":"wp","href":"https:\/\/api.w.org\/{rel}","templated":true}]}}