{"id":11809,"date":"2023-09-20T07:17:48","date_gmt":"2023-09-20T07:17:48","guid":{"rendered":"https:\/\/www.ditosama.com\/?p=11809"},"modified":"2026-04-03T16:09:56","modified_gmt":"2026-04-03T16:09:56","slug":"salon-serbotel-dito-sama-allie-du-mondial-du-pain","status":"publish","type":"post","link":"https:\/\/www.ditosama.com\/fr\/news-events\/salon-serbotel-dito-sama-allie-du-mondial-du-pain\/","title":{"rendered":"Salon Serbotel: Dito Sama alli\u00e9 du Mondial du Pain"},"content":{"rendered":"<section class=\"wpb-content-wrapper\"><p>[vc_row][vc_column][vc_column_text]<\/p>\n<p style=\"text-align: center;\"><strong>Serbotel, un salon de r\u00e9f\u00e9rence<\/strong><\/p>\n<p style=\"text-align: center;\">Depuis sa cr\u00e9ation en 1985, Serbotel n&rsquo;en finit plus de s\u00e9duire. Pr\u00e8s de 30 000 professionnels se pressent ainsi tous les deux ans \u00e0 Nantes. L&rsquo;objectif\u00a0? D\u00e9couvrir les offres et nouveaut\u00e9s de produits, services et mat\u00e9riels propos\u00e9s par les m\u00e9tiers du secteur.\u00a0Un \u00e9v\u00e9nement d&rsquo;envergure nationale, occasion parfaite pour\u00a0renouveler son offre et l\u2019\u00e9quipement de son \u00e9tablissement.<\/p>\n<p style=\"text-align: center;\"><strong>Dito Sama met la main \u00e0 la p\u00e2te\u00a0!<\/strong><\/p>\n<p style=\"text-align: center;\">Bien plus qu&rsquo;un simple salon d&rsquo;exposants, Serbotel s&rsquo;impose comme le reflet de la cr\u00e9ativit\u00e9, de l\u2019innovation et du savoir-faire des professionnels pr\u00e9sents. Au programme : des ateliers, animations et autres concours gourmands, parfaits pour d\u00e9couvrir les nouveaut\u00e9s du secteur de fa\u00e7on ludique et gourmande. Sur ce terrain, Dito Sama n&rsquo;est pas en reste et accompagnera cette ann\u00e9e <a href=\"https:\/\/www.ambassadeursdupain.com\/\">Les Ambassadeurs du Pain<\/a>, notamment gr\u00e2ce \u00e0 un partenariat unique, pens\u00e9 \u00e0 l&rsquo;occasion du Mondial du Pain, qui se tiendra durant le salon. Nous leur fournirons en effet du mat\u00e9riel qu&rsquo;ils auront tout le loisir d&rsquo;utiliser lors de cet \u00e9v\u00e8nement majeur, qui r\u00e9unira\u00a015 pays.\u00a0\u00c0 la clef\u00a0: des<a href=\"https:\/\/www.ditosama.com\/fr\/products\/batteurs-melangeurs\/\"> batteurs m\u00e9langeurs<\/a> 5 et 10 litres (Dmix &amp; XBE10) ou encore des <a href=\"https:\/\/www.ditosama.com\/fr\/products\/cutters-melangeurs-emulsionneurs\/\">cutters<\/a> Prep4you de 3,6 litres. Rien de tel pour leur faciliter la vie et les aider dans toutes leurs\u00a0r\u00e9alisations. Pr\u00e9parations\u00a0en un tour de main\u00a0de brioches, pains au levain, baguettes et autres viennoiseries : venez donc d\u00e9couvrir les capacit\u00e9s uniques de ces mod\u00e8les pens\u00e9s pour faciliter la vie de tous les professionnels de l&rsquo;alimentaire. Et que le meilleur gagne !<\/p>\n<p>[\/vc_column_text][vc_empty_space height=\u00a0\u00bb30px\u00a0\u00bb][vc_btn title=\u00a0\u00bbSALON SERBOTEL\u00a0\u00bb style=\u00a0\u00bbclassic\u00a0\u00bb color=\u00a0\u00bbgreen\u00a0\u00bb align=\u00a0\u00bbcenter\u00a0\u00bb link=\u00a0\u00bburl:https%3A%2F%2Fwww.serbotel.com%2F%20&Prime;][vc_empty_space height=\u00a0\u00bb60px\u00a0\u00bb][\/vc_column][\/vc_row][vc_row][vc_column][c21_last_news_horizontal header=\u00a0\u00bb\u00a0\u00bb title=\u00a0\u00bbDERNI\u00c8RES NEWS\u00a0\u00bb][\/vc_column][\/vc_row][vc_row][vc_column][vc_empty_space height=\u00a0\u00bb60px\u00a0\u00bb][\/vc_column][\/vc_row][vc_row][vc_column][c21_image_text_full image=\u00a0\u00bb96&Prime; image_position=\u00a0\u00bbleft\u00a0\u00bb title=\u00a0\u00bbENVIE D\u2019EN SAVOIR PLUS ?\u00a0\u00bb text=\u00a0\u00bbN\u2019h\u00e9sitez pas \u00e0 nous contacter pour tout renseignement !\u00a0\u00bb link=\u00a0\u00bburl:https%3A%2F%2Fwww.ditosama.com%2Ffr%2Fcontactez-nous%2F|title:CONTACTEZ-NOUS\u00a0\u00bb][\/vc_column][\/vc_row]<\/p>\n<\/section>","protected":false},"excerpt":{"rendered":"<p>[vc_row][vc_column][vc_column_text] Serbotel, un salon de r\u00e9f\u00e9rence Depuis sa cr\u00e9ation en 1985, Serbotel n&rsquo;en finit plus de s\u00e9duire. Pr\u00e8s de 30 000 professionnels se pressent ainsi tous les deux ans \u00e0 Nantes. L&rsquo;objectif\u00a0? D\u00e9couvrir les offres et nouveaut\u00e9s de produits, services et mat\u00e9riels propos\u00e9s par les m\u00e9tiers du secteur.\u00a0Un \u00e9v\u00e9nement d&rsquo;envergure nationale, occasion parfaite pour\u00a0renouveler son [&hellip;]<\/p>\n","protected":false},"author":15,"featured_media":13540,"comment_status":"closed","ping_status":"open","sticky":false,"template":"","format":"standard","meta":{"inline_featured_image":false,"footnotes":""},"categories":[17],"tags":[158],"class_list":["post-11809","post","type-post","status-publish","format-standard","has-post-thumbnail","hentry","category-news-events","tag-evenements"],"acf":[],"yoast_head":"<!-- This site is optimized with the Yoast SEO plugin v26.1.1 - https:\/\/yoast.com\/wordpress\/plugins\/seo\/ -->\n<title>Salon Serbotel: Dito Sama alli\u00e9 du Mondial du Pain | Dito Sama<\/title>\n<meta name=\"description\" content=\"Serbotel s&#039;impose comme le reflet de la cr\u00e9ativit\u00e9, de l\u2019innovation et du savoir-faire des professionnels pr\u00e9sent.\" \/>\n<meta name=\"robots\" content=\"index, follow, max-snippet:-1, max-image-preview:large, max-video-preview:-1\" \/>\n<link rel=\"canonical\" href=\"https:\/\/www.ditosama.com\/fr\/wp-json\/wp\/v2\/posts\/11809\" \/>\n<meta property=\"og:locale\" content=\"fr_FR\" \/>\n<meta property=\"og:type\" content=\"article\" \/>\n<meta property=\"og:title\" content=\"Salon Serbotel: Dito Sama alli\u00e9 du Mondial du Pain | Dito Sama\" \/>\n<meta property=\"og:description\" content=\"Serbotel s&#039;impose comme le reflet de la cr\u00e9ativit\u00e9, de l\u2019innovation et du savoir-faire des professionnels pr\u00e9sent.\" \/>\n<meta property=\"og:url\" content=\"https:\/\/www.ditosama.com\/fr\/news-events\/salon-serbotel-dito-sama-allie-du-mondial-du-pain\/\" \/>\n<meta property=\"og:site_name\" content=\"Dito Sama\" \/>\n<meta property=\"article:published_time\" content=\"2023-09-20T07:17:48+00:00\" \/>\n<meta property=\"article:modified_time\" content=\"2026-04-03T16:09:56+00:00\" \/>\n<meta property=\"og:image\" content=\"https:\/\/www.ditosama.com\/wp-content\/uploads\/2023\/10\/DS-banner-serbotele-2.jpg\" \/>\n\t<meta property=\"og:image:width\" content=\"1820\" \/>\n\t<meta property=\"og:image:height\" content=\"1706\" \/>\n\t<meta property=\"og:image:type\" content=\"image\/jpeg\" \/>\n<meta name=\"author\" content=\"adrien.poggi@electroluxprofessional.com\" \/>\n<meta name=\"twitter:card\" content=\"summary_large_image\" \/>\n<meta name=\"twitter:label1\" content=\"\u00c9crit par\" \/>\n\t<meta name=\"twitter:data1\" content=\"adrien.poggi@electroluxprofessional.com\" \/>\n\t<meta name=\"twitter:label2\" content=\"Dur\u00e9e de lecture estim\u00e9e\" \/>\n\t<meta name=\"twitter:data2\" content=\"2 minutes\" \/>\n<script type=\"application\/ld+json\" class=\"yoast-schema-graph\">{\"@context\":\"https:\/\/schema.org\",\"@graph\":[{\"@type\":\"WebPage\",\"@id\":\"https:\/\/www.ditosama.com\/fr\/news-events\/salon-serbotel-dito-sama-allie-du-mondial-du-pain\/\",\"url\":\"https:\/\/www.ditosama.com\/fr\/news-events\/salon-serbotel-dito-sama-allie-du-mondial-du-pain\/\",\"name\":\"Salon Serbotel: Dito Sama alli\u00e9 du Mondial du Pain | Dito Sama\",\"isPartOf\":{\"@id\":\"https:\/\/www.ditosama.com\/en\/#website\"},\"primaryImageOfPage\":{\"@id\":\"https:\/\/www.ditosama.com\/fr\/news-events\/salon-serbotel-dito-sama-allie-du-mondial-du-pain\/#primaryimage\"},\"image\":{\"@id\":\"https:\/\/www.ditosama.com\/fr\/news-events\/salon-serbotel-dito-sama-allie-du-mondial-du-pain\/#primaryimage\"},\"thumbnailUrl\":\"https:\/\/www.ditosama.com\/wp-content\/uploads\/2023\/10\/DS-banner-serbotele-2.jpg\",\"datePublished\":\"2023-09-20T07:17:48+00:00\",\"dateModified\":\"2026-04-03T16:09:56+00:00\",\"author\":{\"@id\":\"https:\/\/www.ditosama.com\/en\/#\/schema\/person\/7eb4b51dae3f680252db7164a6bb7bcb\"},\"description\":\"Serbotel s'impose comme le reflet de la cr\u00e9ativit\u00e9, de l\u2019innovation et du savoir-faire des professionnels pr\u00e9sent.\",\"breadcrumb\":{\"@id\":\"https:\/\/www.ditosama.com\/fr\/news-events\/salon-serbotel-dito-sama-allie-du-mondial-du-pain\/#breadcrumb\"},\"inLanguage\":\"fr-FR\",\"potentialAction\":[{\"@type\":\"ReadAction\",\"target\":[\"https:\/\/www.ditosama.com\/fr\/news-events\/salon-serbotel-dito-sama-allie-du-mondial-du-pain\/\"]}]},{\"@type\":\"ImageObject\",\"inLanguage\":\"fr-FR\",\"@id\":\"https:\/\/www.ditosama.com\/fr\/news-events\/salon-serbotel-dito-sama-allie-du-mondial-du-pain\/#primaryimage\",\"url\":\"https:\/\/www.ditosama.com\/wp-content\/uploads\/2023\/10\/DS-banner-serbotele-2.jpg\",\"contentUrl\":\"https:\/\/www.ditosama.com\/wp-content\/uploads\/2023\/10\/DS-banner-serbotele-2.jpg\",\"width\":1820,\"height\":1706},{\"@type\":\"BreadcrumbList\",\"@id\":\"https:\/\/www.ditosama.com\/fr\/news-events\/salon-serbotel-dito-sama-allie-du-mondial-du-pain\/#breadcrumb\",\"itemListElement\":[{\"@type\":\"ListItem\",\"position\":1,\"name\":\"Home\",\"item\":\"https:\/\/www.ditosama.com\/fr\/\"},{\"@type\":\"ListItem\",\"position\":2,\"name\":\"Salon Serbotel: Dito Sama alli\u00e9 du Mondial du Pain\"}]},{\"@type\":\"WebSite\",\"@id\":\"https:\/\/www.ditosama.com\/en\/#website\",\"url\":\"https:\/\/www.ditosama.com\/en\/\",\"name\":\"Dito Sama\",\"description\":\"\",\"potentialAction\":[{\"@type\":\"SearchAction\",\"target\":{\"@type\":\"EntryPoint\",\"urlTemplate\":\"https:\/\/www.ditosama.com\/en\/?s={search_term_string}\"},\"query-input\":{\"@type\":\"PropertyValueSpecification\",\"valueRequired\":true,\"valueName\":\"search_term_string\"}}],\"inLanguage\":\"fr-FR\"},{\"@type\":\"Person\",\"@id\":\"https:\/\/www.ditosama.com\/en\/#\/schema\/person\/7eb4b51dae3f680252db7164a6bb7bcb\",\"name\":\"adrien.poggi@electroluxprofessional.com\",\"url\":\"https:\/\/www.ditosama.com\/fr\/author\/adrien-poggielectroluxprofessional-com\/\"}]}<\/script>\n<!-- \/ Yoast SEO plugin. -->","yoast_head_json":{"title":"Salon Serbotel: Dito Sama alli\u00e9 du Mondial du Pain | Dito Sama","description":"Serbotel s'impose comme le reflet de la cr\u00e9ativit\u00e9, de l\u2019innovation et du savoir-faire des professionnels pr\u00e9sent.","robots":{"index":"index","follow":"follow","max-snippet":"max-snippet:-1","max-image-preview":"max-image-preview:large","max-video-preview":"max-video-preview:-1"},"canonical":"https:\/\/www.ditosama.com\/fr\/wp-json\/wp\/v2\/posts\/11809","og_locale":"fr_FR","og_type":"article","og_title":"Salon Serbotel: Dito Sama alli\u00e9 du Mondial du Pain | Dito Sama","og_description":"Serbotel s'impose comme le reflet de la cr\u00e9ativit\u00e9, de l\u2019innovation et du savoir-faire des professionnels pr\u00e9sent.","og_url":"https:\/\/www.ditosama.com\/fr\/news-events\/salon-serbotel-dito-sama-allie-du-mondial-du-pain\/","og_site_name":"Dito Sama","article_published_time":"2023-09-20T07:17:48+00:00","article_modified_time":"2026-04-03T16:09:56+00:00","og_image":[{"width":1820,"height":1706,"url":"https:\/\/www.ditosama.com\/wp-content\/uploads\/2023\/10\/DS-banner-serbotele-2.jpg","type":"image\/jpeg"}],"author":"adrien.poggi@electroluxprofessional.com","twitter_card":"summary_large_image","twitter_misc":{"\u00c9crit par":"adrien.poggi@electroluxprofessional.com","Dur\u00e9e de lecture estim\u00e9e":"2 minutes"},"schema":{"@context":"https:\/\/schema.org","@graph":[{"@type":"WebPage","@id":"https:\/\/www.ditosama.com\/fr\/news-events\/salon-serbotel-dito-sama-allie-du-mondial-du-pain\/","url":"https:\/\/www.ditosama.com\/fr\/news-events\/salon-serbotel-dito-sama-allie-du-mondial-du-pain\/","name":"Salon Serbotel: Dito Sama alli\u00e9 du Mondial du Pain | Dito Sama","isPartOf":{"@id":"https:\/\/www.ditosama.com\/en\/#website"},"primaryImageOfPage":{"@id":"https:\/\/www.ditosama.com\/fr\/news-events\/salon-serbotel-dito-sama-allie-du-mondial-du-pain\/#primaryimage"},"image":{"@id":"https:\/\/www.ditosama.com\/fr\/news-events\/salon-serbotel-dito-sama-allie-du-mondial-du-pain\/#primaryimage"},"thumbnailUrl":"https:\/\/www.ditosama.com\/wp-content\/uploads\/2023\/10\/DS-banner-serbotele-2.jpg","datePublished":"2023-09-20T07:17:48+00:00","dateModified":"2026-04-03T16:09:56+00:00","author":{"@id":"https:\/\/www.ditosama.com\/en\/#\/schema\/person\/7eb4b51dae3f680252db7164a6bb7bcb"},"description":"Serbotel s'impose comme le reflet de la cr\u00e9ativit\u00e9, de l\u2019innovation et du savoir-faire des professionnels pr\u00e9sent.","breadcrumb":{"@id":"https:\/\/www.ditosama.com\/fr\/news-events\/salon-serbotel-dito-sama-allie-du-mondial-du-pain\/#breadcrumb"},"inLanguage":"fr-FR","potentialAction":[{"@type":"ReadAction","target":["https:\/\/www.ditosama.com\/fr\/news-events\/salon-serbotel-dito-sama-allie-du-mondial-du-pain\/"]}]},{"@type":"ImageObject","inLanguage":"fr-FR","@id":"https:\/\/www.ditosama.com\/fr\/news-events\/salon-serbotel-dito-sama-allie-du-mondial-du-pain\/#primaryimage","url":"https:\/\/www.ditosama.com\/wp-content\/uploads\/2023\/10\/DS-banner-serbotele-2.jpg","contentUrl":"https:\/\/www.ditosama.com\/wp-content\/uploads\/2023\/10\/DS-banner-serbotele-2.jpg","width":1820,"height":1706},{"@type":"BreadcrumbList","@id":"https:\/\/www.ditosama.com\/fr\/news-events\/salon-serbotel-dito-sama-allie-du-mondial-du-pain\/#breadcrumb","itemListElement":[{"@type":"ListItem","position":1,"name":"Home","item":"https:\/\/www.ditosama.com\/fr\/"},{"@type":"ListItem","position":2,"name":"Salon Serbotel: Dito Sama alli\u00e9 du Mondial du Pain"}]},{"@type":"WebSite","@id":"https:\/\/www.ditosama.com\/en\/#website","url":"https:\/\/www.ditosama.com\/en\/","name":"Dito Sama","description":"","potentialAction":[{"@type":"SearchAction","target":{"@type":"EntryPoint","urlTemplate":"https:\/\/www.ditosama.com\/en\/?s={search_term_string}"},"query-input":{"@type":"PropertyValueSpecification","valueRequired":true,"valueName":"search_term_string"}}],"inLanguage":"fr-FR"},{"@type":"Person","@id":"https:\/\/www.ditosama.com\/en\/#\/schema\/person\/7eb4b51dae3f680252db7164a6bb7bcb","name":"adrien.poggi@electroluxprofessional.com","url":"https:\/\/www.ditosama.com\/fr\/author\/adrien-poggielectroluxprofessional-com\/"}]}},"_links":{"self":[{"href":"https:\/\/www.ditosama.com\/fr\/wp-json\/wp\/v2\/posts\/11809","targetHints":{"allow":["GET"]}}],"collection":[{"href":"https:\/\/www.ditosama.com\/fr\/wp-json\/wp\/v2\/posts"}],"about":[{"href":"https:\/\/www.ditosama.com\/fr\/wp-json\/wp\/v2\/types\/post"}],"author":[{"embeddable":true,"href":"https:\/\/www.ditosama.com\/fr\/wp-json\/wp\/v2\/users\/15"}],"replies":[{"embeddable":true,"href":"https:\/\/www.ditosama.com\/fr\/wp-json\/wp\/v2\/comments?post=11809"}],"version-history":[{"count":21,"href":"https:\/\/www.ditosama.com\/fr\/wp-json\/wp\/v2\/posts\/11809\/revisions"}],"predecessor-version":[{"id":33064,"href":"https:\/\/www.ditosama.com\/fr\/wp-json\/wp\/v2\/posts\/11809\/revisions\/33064"}],"wp:featuredmedia":[{"embeddable":true,"href":"https:\/\/www.ditosama.com\/fr\/wp-json\/wp\/v2\/media\/13540"}],"wp:attachment":[{"href":"https:\/\/www.ditosama.com\/fr\/wp-json\/wp\/v2\/media?parent=11809"}],"wp:term":[{"taxonomy":"category","embeddable":true,"href":"https:\/\/www.ditosama.com\/fr\/wp-json\/wp\/v2\/categories?post=11809"},{"taxonomy":"post_tag","embeddable":true,"href":"https:\/\/www.ditosama.com\/fr\/wp-json\/wp\/v2\/tags?post=11809"}],"curies":[{"name":"wp","href":"https:\/\/api.w.org\/{rel}","templated":true}]}}