{"id":10364,"date":"2023-06-22T14:31:49","date_gmt":"2023-06-22T14:31:49","guid":{"rendered":"https:\/\/www.ditosama.com\/?p=10364"},"modified":"2026-04-03T16:09:33","modified_gmt":"2026-04-03T16:09:33","slug":"dito-sama-a-grande-exposition-du-fabrique","status":"publish","type":"post","link":"https:\/\/www.ditosama.com\/fr\/news-events\/dito-sama-a-grande-exposition-du-fabrique\/","title":{"rendered":"Dito Sama \u00e0 l\u2019Elys\u00e9e!"},"content":{"rendered":"<section class=\"wpb-content-wrapper\"><p>[vc_row][vc_column][vc_column_text]<\/p>\n<p style=\"text-align: center;\"><strong>Le DMIX en vedette<\/strong><\/p>\n<p style=\"text-align: center;\">Cette ann\u00e9e, Dito Sama s&rsquo;invite au Palais de l&rsquo;Elys\u00e9e ! Notre batteur m\u00e9langeur DMIX a en effet \u00e9t\u00e9 s\u00e9lectionn\u00e9 pour repr\u00e9senter notre d\u00e9partement (23) lors de la troisi\u00e8me \u00e9dition de la <a href=\"https:\/\/www.entreprises.gouv.fr\/fr\/actualites\/industrie\/politique-industrielle\/grande-exposition-du-fabrique-france#:~:text=La%20Grande%20Exposition%20du%20Fabriqu%C3%A9%20en%20France%202023%20en%20pr%C3%A9paration,au%20palais%20de%20l'%C3%89lys%C3%A9e.\">Grande Exposition du Fabriqu\u00e9 en France<\/a>, qui se tiendra au Palais de l\u2019Elys\u00e9e, \u00e0 Paris, les 1 et 2 juillet prochains. Parfait pour m\u00e9langer, fouetter et p\u00e9trir, d&rsquo;une capacit\u00e9 de 5,5 litres, ce batteur compact professionnel et polyvalent s&rsquo;impose comme l&rsquo;un des mod\u00e8les phares de Dito Sama, qui mise depuis ses d\u00e9buts sur la qualit\u00e9 Made in France.<\/p>\n<p style=\"text-align: center;\"><strong>Un rendez-vous incontournable du Made in France<\/strong><\/p>\n<p style=\"text-align: center;\">Apr\u00e8s deux ann\u00e9es couronn\u00e9es de succ\u00e8s, la Grande Exposition du Fabriqu\u00e9 en France revient donc pour une troisi\u00e8me ann\u00e9e cons\u00e9cutive. Initi\u00e9e pour valoriser le travail des entreprises, artisans, producteurs et industriels qui s\u2019engagent pleinement dans la fabrication fran\u00e7aise, gage de la souverainet\u00e9 industrielle et \u00e9conomique de la France, elle est l&rsquo;occasion de couronner l&rsquo;engagement renouvel\u00e9 de Dito Sama sur le sujet. Un rendez-vous attendu.<\/p>\n<p style=\"text-align: center;\"><strong>Une centaine de r\u00e9f\u00e9rences tri\u00e9es sur le volet<\/strong><\/p>\n<p style=\"text-align: center;\">Cette Exposition unique sera l&rsquo;occasion de d\u00e9couvrir ou red\u00e9couvrir quelques 125 produits fabriqu\u00e9s en France, issus de tous les d\u00e9partements et territoires, en m\u00e9tropole comme en Outre-mer. Vous aurez notamment l&rsquo;occasion de les d\u00e9couvrir, en d\u00e9ambulant au c\u0153ur des jardins, des salons et de la cour d\u2019honneur du Palais. Une s\u00e9lection de ce que la France fait de meilleur et qui illustre la grande richesse du savoir-faire de notre pays. Une vraie fiert\u00e9 collective\u00a0!<\/p>\n<p>[\/vc_column_text][vc_empty_space][c21_button alignment=\u00a0\u00bbcenter\u00a0\u00bb cta=\u00a0\u00bburl:https%3A%2F%2Fwww.ditosama.com%2Ffr%2Fproducts%2Fbatteurs-melangeurs%2F|title:Batteurs%20m%C3%A9langeurs\u00a0\u00bb][vc_empty_space height=\u00a0\u00bb60px\u00a0\u00bb][\/vc_column][\/vc_row][vc_row][vc_column][c21_last_news_horizontal header=\u00a0\u00bb\u00a0\u00bb title=\u00a0\u00bbDERNI\u00c8RES NEWS\u00a0\u00bb][\/vc_column][\/vc_row][vc_row][vc_column][vc_empty_space height=\u00a0\u00bb60px\u00a0\u00bb][vc_separator][vc_empty_space][\/vc_column][\/vc_row][vc_row][vc_column][c21_image_text_full image=\u00a0\u00bb96&Prime; image_position=\u00a0\u00bbleft\u00a0\u00bb title=\u00a0\u00bbENVIE D\u2019EN SAVOIR PLUS ?\u00a0\u00bb text=\u00a0\u00bbN\u2019h\u00e9sitez pas \u00e0 nous contacter pour tout renseignement !\u00a0\u00bb link=\u00a0\u00bburl:https%3A%2F%2Fwww.ditosama.com%2Ffr%2Fcontactez-nous%2F|title:CONTACTEZ-NOUS\u00a0\u00bb][\/vc_column][\/vc_row]<\/p>\n<\/section>","protected":false},"excerpt":{"rendered":"<p>[vc_row][vc_column][vc_column_text] Le DMIX en vedette Cette ann\u00e9e, Dito Sama s&rsquo;invite au Palais de l&rsquo;Elys\u00e9e ! Notre batteur m\u00e9langeur DMIX a en effet \u00e9t\u00e9 s\u00e9lectionn\u00e9 pour repr\u00e9senter notre d\u00e9partement (23) lors de la troisi\u00e8me \u00e9dition de la Grande Exposition du Fabriqu\u00e9 en France, qui se tiendra au Palais de l\u2019Elys\u00e9e, \u00e0 Paris, les 1 et 2 [&hellip;]<\/p>\n","protected":false},"author":15,"featured_media":13548,"comment_status":"closed","ping_status":"open","sticky":false,"template":"","format":"standard","meta":{"inline_featured_image":false,"footnotes":""},"categories":[17],"tags":[158,212],"class_list":["post-10364","post","type-post","status-publish","format-standard","has-post-thumbnail","hentry","category-news-events","tag-evenements","tag-events-fr"],"acf":[],"yoast_head":"<!-- This site is optimized with the Yoast SEO plugin v26.1.1 - https:\/\/yoast.com\/wordpress\/plugins\/seo\/ -->\n<title>Dito Sama \u00e0 l\u2019Elys\u00e9e! | Dito Sama<\/title>\n<meta name=\"description\" content=\"Venez d\u00e9couvrir Dito Sama \u00e0 la prestigieuse &quot;Grande Exposition du Fabriqu\u00e9 en France&quot; et son batteur m\u00e9langeur phare - DMIX\" \/>\n<meta name=\"robots\" content=\"index, follow, max-snippet:-1, max-image-preview:large, max-video-preview:-1\" \/>\n<link rel=\"canonical\" href=\"https:\/\/www.ditosama.com\/fr\/wp-json\/wp\/v2\/posts\/10364\" \/>\n<meta property=\"og:locale\" content=\"fr_FR\" \/>\n<meta property=\"og:type\" content=\"article\" \/>\n<meta property=\"og:title\" content=\"Dito Sama \u00e0 l\u2019Elys\u00e9e! | Dito Sama\" \/>\n<meta property=\"og:description\" content=\"Venez d\u00e9couvrir Dito Sama \u00e0 la prestigieuse &quot;Grande Exposition du Fabriqu\u00e9 en France&quot; et son batteur m\u00e9langeur phare - DMIX\" \/>\n<meta property=\"og:url\" content=\"https:\/\/www.ditosama.com\/fr\/news-events\/dito-sama-a-grande-exposition-du-fabrique\/\" \/>\n<meta property=\"og:site_name\" content=\"Dito Sama\" \/>\n<meta property=\"article:published_time\" content=\"2023-06-22T14:31:49+00:00\" \/>\n<meta property=\"article:modified_time\" content=\"2026-04-03T16:09:33+00:00\" \/>\n<meta property=\"og:image\" content=\"https:\/\/www.ditosama.com\/wp-content\/uploads\/2023\/10\/FeF2023_Logo_PourFondsSombres_36.jpg\" \/>\n\t<meta property=\"og:image:width\" content=\"360\" \/>\n\t<meta property=\"og:image:height\" content=\"338\" \/>\n\t<meta property=\"og:image:type\" content=\"image\/jpeg\" \/>\n<meta name=\"author\" content=\"adrien.poggi@electroluxprofessional.com\" \/>\n<meta name=\"twitter:card\" content=\"summary_large_image\" \/>\n<meta name=\"twitter:label1\" content=\"\u00c9crit par\" \/>\n\t<meta name=\"twitter:data1\" content=\"adrien.poggi@electroluxprofessional.com\" \/>\n\t<meta name=\"twitter:label2\" content=\"Dur\u00e9e de lecture estim\u00e9e\" \/>\n\t<meta name=\"twitter:data2\" content=\"2 minutes\" \/>\n<script type=\"application\/ld+json\" class=\"yoast-schema-graph\">{\"@context\":\"https:\/\/schema.org\",\"@graph\":[{\"@type\":\"WebPage\",\"@id\":\"https:\/\/www.ditosama.com\/fr\/news-events\/dito-sama-a-grande-exposition-du-fabrique\/\",\"url\":\"https:\/\/www.ditosama.com\/fr\/news-events\/dito-sama-a-grande-exposition-du-fabrique\/\",\"name\":\"Dito Sama \u00e0 l\u2019Elys\u00e9e! | Dito Sama\",\"isPartOf\":{\"@id\":\"https:\/\/www.ditosama.com\/en\/#website\"},\"primaryImageOfPage\":{\"@id\":\"https:\/\/www.ditosama.com\/fr\/news-events\/dito-sama-a-grande-exposition-du-fabrique\/#primaryimage\"},\"image\":{\"@id\":\"https:\/\/www.ditosama.com\/fr\/news-events\/dito-sama-a-grande-exposition-du-fabrique\/#primaryimage\"},\"thumbnailUrl\":\"https:\/\/www.ditosama.com\/wp-content\/uploads\/2023\/10\/FeF2023_Logo_PourFondsSombres_36.jpg\",\"datePublished\":\"2023-06-22T14:31:49+00:00\",\"dateModified\":\"2026-04-03T16:09:33+00:00\",\"author\":{\"@id\":\"https:\/\/www.ditosama.com\/en\/#\/schema\/person\/7eb4b51dae3f680252db7164a6bb7bcb\"},\"description\":\"Venez d\u00e9couvrir Dito Sama \u00e0 la prestigieuse \\\"Grande Exposition du Fabriqu\u00e9 en France\\\" et son batteur m\u00e9langeur phare - DMIX\",\"breadcrumb\":{\"@id\":\"https:\/\/www.ditosama.com\/fr\/news-events\/dito-sama-a-grande-exposition-du-fabrique\/#breadcrumb\"},\"inLanguage\":\"fr-FR\",\"potentialAction\":[{\"@type\":\"ReadAction\",\"target\":[\"https:\/\/www.ditosama.com\/fr\/news-events\/dito-sama-a-grande-exposition-du-fabrique\/\"]}]},{\"@type\":\"ImageObject\",\"inLanguage\":\"fr-FR\",\"@id\":\"https:\/\/www.ditosama.com\/fr\/news-events\/dito-sama-a-grande-exposition-du-fabrique\/#primaryimage\",\"url\":\"https:\/\/www.ditosama.com\/wp-content\/uploads\/2023\/10\/FeF2023_Logo_PourFondsSombres_36.jpg\",\"contentUrl\":\"https:\/\/www.ditosama.com\/wp-content\/uploads\/2023\/10\/FeF2023_Logo_PourFondsSombres_36.jpg\",\"width\":360,\"height\":338},{\"@type\":\"BreadcrumbList\",\"@id\":\"https:\/\/www.ditosama.com\/fr\/news-events\/dito-sama-a-grande-exposition-du-fabrique\/#breadcrumb\",\"itemListElement\":[{\"@type\":\"ListItem\",\"position\":1,\"name\":\"Home\",\"item\":\"https:\/\/www.ditosama.com\/fr\/\"},{\"@type\":\"ListItem\",\"position\":2,\"name\":\"Dito Sama \u00e0 l\u2019Elys\u00e9e!\"}]},{\"@type\":\"WebSite\",\"@id\":\"https:\/\/www.ditosama.com\/en\/#website\",\"url\":\"https:\/\/www.ditosama.com\/en\/\",\"name\":\"Dito Sama\",\"description\":\"\",\"potentialAction\":[{\"@type\":\"SearchAction\",\"target\":{\"@type\":\"EntryPoint\",\"urlTemplate\":\"https:\/\/www.ditosama.com\/en\/?s={search_term_string}\"},\"query-input\":{\"@type\":\"PropertyValueSpecification\",\"valueRequired\":true,\"valueName\":\"search_term_string\"}}],\"inLanguage\":\"fr-FR\"},{\"@type\":\"Person\",\"@id\":\"https:\/\/www.ditosama.com\/en\/#\/schema\/person\/7eb4b51dae3f680252db7164a6bb7bcb\",\"name\":\"adrien.poggi@electroluxprofessional.com\",\"url\":\"https:\/\/www.ditosama.com\/fr\/author\/adrien-poggielectroluxprofessional-com\/\"}]}<\/script>\n<!-- \/ Yoast SEO plugin. -->","yoast_head_json":{"title":"Dito Sama \u00e0 l\u2019Elys\u00e9e! | Dito Sama","description":"Venez d\u00e9couvrir Dito Sama \u00e0 la prestigieuse \"Grande Exposition du Fabriqu\u00e9 en France\" et son batteur m\u00e9langeur phare - DMIX","robots":{"index":"index","follow":"follow","max-snippet":"max-snippet:-1","max-image-preview":"max-image-preview:large","max-video-preview":"max-video-preview:-1"},"canonical":"https:\/\/www.ditosama.com\/fr\/wp-json\/wp\/v2\/posts\/10364","og_locale":"fr_FR","og_type":"article","og_title":"Dito Sama \u00e0 l\u2019Elys\u00e9e! | Dito Sama","og_description":"Venez d\u00e9couvrir Dito Sama \u00e0 la prestigieuse \"Grande Exposition du Fabriqu\u00e9 en France\" et son batteur m\u00e9langeur phare - DMIX","og_url":"https:\/\/www.ditosama.com\/fr\/news-events\/dito-sama-a-grande-exposition-du-fabrique\/","og_site_name":"Dito Sama","article_published_time":"2023-06-22T14:31:49+00:00","article_modified_time":"2026-04-03T16:09:33+00:00","og_image":[{"width":360,"height":338,"url":"https:\/\/www.ditosama.com\/wp-content\/uploads\/2023\/10\/FeF2023_Logo_PourFondsSombres_36.jpg","type":"image\/jpeg"}],"author":"adrien.poggi@electroluxprofessional.com","twitter_card":"summary_large_image","twitter_misc":{"\u00c9crit par":"adrien.poggi@electroluxprofessional.com","Dur\u00e9e de lecture estim\u00e9e":"2 minutes"},"schema":{"@context":"https:\/\/schema.org","@graph":[{"@type":"WebPage","@id":"https:\/\/www.ditosama.com\/fr\/news-events\/dito-sama-a-grande-exposition-du-fabrique\/","url":"https:\/\/www.ditosama.com\/fr\/news-events\/dito-sama-a-grande-exposition-du-fabrique\/","name":"Dito Sama \u00e0 l\u2019Elys\u00e9e! | Dito Sama","isPartOf":{"@id":"https:\/\/www.ditosama.com\/en\/#website"},"primaryImageOfPage":{"@id":"https:\/\/www.ditosama.com\/fr\/news-events\/dito-sama-a-grande-exposition-du-fabrique\/#primaryimage"},"image":{"@id":"https:\/\/www.ditosama.com\/fr\/news-events\/dito-sama-a-grande-exposition-du-fabrique\/#primaryimage"},"thumbnailUrl":"https:\/\/www.ditosama.com\/wp-content\/uploads\/2023\/10\/FeF2023_Logo_PourFondsSombres_36.jpg","datePublished":"2023-06-22T14:31:49+00:00","dateModified":"2026-04-03T16:09:33+00:00","author":{"@id":"https:\/\/www.ditosama.com\/en\/#\/schema\/person\/7eb4b51dae3f680252db7164a6bb7bcb"},"description":"Venez d\u00e9couvrir Dito Sama \u00e0 la prestigieuse \"Grande Exposition du Fabriqu\u00e9 en France\" et son batteur m\u00e9langeur phare - DMIX","breadcrumb":{"@id":"https:\/\/www.ditosama.com\/fr\/news-events\/dito-sama-a-grande-exposition-du-fabrique\/#breadcrumb"},"inLanguage":"fr-FR","potentialAction":[{"@type":"ReadAction","target":["https:\/\/www.ditosama.com\/fr\/news-events\/dito-sama-a-grande-exposition-du-fabrique\/"]}]},{"@type":"ImageObject","inLanguage":"fr-FR","@id":"https:\/\/www.ditosama.com\/fr\/news-events\/dito-sama-a-grande-exposition-du-fabrique\/#primaryimage","url":"https:\/\/www.ditosama.com\/wp-content\/uploads\/2023\/10\/FeF2023_Logo_PourFondsSombres_36.jpg","contentUrl":"https:\/\/www.ditosama.com\/wp-content\/uploads\/2023\/10\/FeF2023_Logo_PourFondsSombres_36.jpg","width":360,"height":338},{"@type":"BreadcrumbList","@id":"https:\/\/www.ditosama.com\/fr\/news-events\/dito-sama-a-grande-exposition-du-fabrique\/#breadcrumb","itemListElement":[{"@type":"ListItem","position":1,"name":"Home","item":"https:\/\/www.ditosama.com\/fr\/"},{"@type":"ListItem","position":2,"name":"Dito Sama \u00e0 l\u2019Elys\u00e9e!"}]},{"@type":"WebSite","@id":"https:\/\/www.ditosama.com\/en\/#website","url":"https:\/\/www.ditosama.com\/en\/","name":"Dito Sama","description":"","potentialAction":[{"@type":"SearchAction","target":{"@type":"EntryPoint","urlTemplate":"https:\/\/www.ditosama.com\/en\/?s={search_term_string}"},"query-input":{"@type":"PropertyValueSpecification","valueRequired":true,"valueName":"search_term_string"}}],"inLanguage":"fr-FR"},{"@type":"Person","@id":"https:\/\/www.ditosama.com\/en\/#\/schema\/person\/7eb4b51dae3f680252db7164a6bb7bcb","name":"adrien.poggi@electroluxprofessional.com","url":"https:\/\/www.ditosama.com\/fr\/author\/adrien-poggielectroluxprofessional-com\/"}]}},"_links":{"self":[{"href":"https:\/\/www.ditosama.com\/fr\/wp-json\/wp\/v2\/posts\/10364","targetHints":{"allow":["GET"]}}],"collection":[{"href":"https:\/\/www.ditosama.com\/fr\/wp-json\/wp\/v2\/posts"}],"about":[{"href":"https:\/\/www.ditosama.com\/fr\/wp-json\/wp\/v2\/types\/post"}],"author":[{"embeddable":true,"href":"https:\/\/www.ditosama.com\/fr\/wp-json\/wp\/v2\/users\/15"}],"replies":[{"embeddable":true,"href":"https:\/\/www.ditosama.com\/fr\/wp-json\/wp\/v2\/comments?post=10364"}],"version-history":[{"count":16,"href":"https:\/\/www.ditosama.com\/fr\/wp-json\/wp\/v2\/posts\/10364\/revisions"}],"predecessor-version":[{"id":33062,"href":"https:\/\/www.ditosama.com\/fr\/wp-json\/wp\/v2\/posts\/10364\/revisions\/33062"}],"wp:featuredmedia":[{"embeddable":true,"href":"https:\/\/www.ditosama.com\/fr\/wp-json\/wp\/v2\/media\/13548"}],"wp:attachment":[{"href":"https:\/\/www.ditosama.com\/fr\/wp-json\/wp\/v2\/media?parent=10364"}],"wp:term":[{"taxonomy":"category","embeddable":true,"href":"https:\/\/www.ditosama.com\/fr\/wp-json\/wp\/v2\/categories?post=10364"},{"taxonomy":"post_tag","embeddable":true,"href":"https:\/\/www.ditosama.com\/fr\/wp-json\/wp\/v2\/tags?post=10364"}],"curies":[{"name":"wp","href":"https:\/\/api.w.org\/{rel}","templated":true}]}}