{"id":10388,"date":"2023-06-23T10:09:19","date_gmt":"2023-06-23T10:09:19","guid":{"rendered":"https:\/\/www.ditosama.com\/unkategorisiert\/dito-sama-at-the-grande-exposition-du-fabrique\/"},"modified":"2026-03-04T10:11:44","modified_gmt":"2026-03-04T10:11:44","slug":"dito-sama-in-den-grande-exposition-du-fabrique","status":"publish","type":"post","link":"https:\/\/www.ditosama.com\/de\/neues-veranstaltungen\/dito-sama-in-den-grande-exposition-du-fabrique\/","title":{"rendered":"Dito Sama im Elys\u00e9e-Palast"},"content":{"rendered":"<section class=\"wpb-content-wrapper\"><p>[vc_row][vc_column][vc_column_text]<\/p>\n<p style=\"text-align: center;\"><strong>Die DMIX im Rampenlicht<\/strong><\/p>\n<p style=\"text-align: center;\">Dito Sama wurde dieses Jahr zur dritten Ausgabe der \u201e<a href=\"https:\/\/www.elysee.fr\/emmanuel-macron\/la-grande-exposition-du-fabrique-en-france\">Grande Exposition du Fabriqu\u00e9 en France<\/a>\u201c in den Elys\u00e9e-Palast eingeladen! Dort gibt es rund 125 Produkte zu entdecken, die in den Gebietsk\u00f6rperschaften des franz\u00f6sischen Festlands und den \u00dcbersee-D\u00e9partements hergestellt werden.<\/p>\n<p style=\"text-align: center;\">Mit unserer <a href=\"https:\/\/www.ditosama.com\/de\/products\/planetenruhr-und-schlagmaschinen\/planetenr%C3%BChrmaschinen-dmix-planetenr%C3%BChrmaschine-55-lt-600136\/\">Planetenr\u00fchrmaschine DMIX<\/a>\u00a0 vertreten wir das 23. D\u00e9partement (La Creuse). Unsere kompakte und vielseitige Profi-R\u00fchrmaschine mit einem Kesselvolumen von 5,5 Litern eignet sich perfekt zum Mixen, Quirlen und Kneten. Sie hat sich zu einem der Vorzeigeprodukte von Dito Sama entwickelt, weil wir seit unserer Gr\u00fcndung auf Qualit\u00e4t \u201eMade in France\u201c setzen.<\/p>\n<p style=\"text-align: center;\"><strong>Eine Pflichtveranstaltung f\u00fcr \u201eMade in France\u201c<\/strong><\/p>\n<p style=\"text-align: center;\">Nach zwei erfolgreichen Jahren wiederholt sich die \u201eGrande Exposition du Fabriqu\u00e9 en France\u201c zum dritten Mal in Folge. Die Ausstellung wurde ins Leben gerufen, um die Arbeit von franz\u00f6sischen Unternehmen, Handwerkern, Produzenten und Herstellern vorzustellen, die sich voll und ganz der Fertigung im eigenen Land verschrieben haben und ein Garant f\u00fcr die industrielle und wirtschaftliche Souver\u00e4nit\u00e4t Frankreichs ist. Die Ausstellung gibt uns die M\u00f6glichkeit, erneut das Engagement von Dito Sama f\u00fcr dieses Thema hervorzuheben \u2013 und wird mit Spannung erwartet.<\/p>\n<p style=\"text-align: center;\"><strong>Eine sorgf\u00e4ltig zusammengestellte Produktauswahl<\/strong><\/p>\n<p style=\"text-align: center;\">In den G\u00e4rten, Lounges und dem Innenhof des Elys\u00e9e-Palastes haben Sie die M\u00f6glichkeit, die unterschiedlichen Produkte aller D\u00e9partements zu erkunden. Die Ausstellung pr\u00e4sentiert das Beste, was Frankreich zu bieten hat und demonstriert den Reichtum an Fachwissen und Handwerkskunst in unserem Land. Wir alle sind stolz auf unser Erbe \u201eMade in France\u201c.<\/p>\n<p>[\/vc_column_text][vc_empty_space][c21_button alignment=&#8220;center&#8220; cta=&#8220;url:https%3A%2F%2Fwww.ditosama.com%2Fde%2Fproducts%2Fplanetenruhr-und-schlagmaschinen%2F|title:Planetenr%C3%BChrmaschine&#8220;][vc_empty_space height=&#8220;60px&#8220;][\/vc_column][\/vc_row][vc_row][vc_column][c21_last_news_horizontal header=&#8220;&#8220; title=&#8220;AKTUELLE NEWS&#8220;][\/vc_column][\/vc_row][vc_row][vc_column][vc_empty_space][\/vc_column][\/vc_row][vc_row][vc_column][c21_image_text_full image=&#8220;96&#8243; image_position=&#8220;left&#8220; title=&#8220;W\u00dcRDEN SIE GERN MEHR ERFAHREN?&#8220; text=&#8220;Z\u00f6gern Sie bitte nicht, uns f\u00fcr jede Art der Unterst\u00fctzung oder weitere Informationen zu kontaktieren.&#8220; link=&#8220;url:https%3A%2F%2Fwww.ditosama.com%2Fde%2Fkontaktiere-uns%2F|title:KONTAKTIERE%20UNS&#8220;][\/vc_column][\/vc_row][vc_row][vc_column][vc_column_text][\/vc_column_text][\/vc_column][\/vc_row]<\/p>\n<\/section>","protected":false},"excerpt":{"rendered":"<p>[vc_row][vc_column][vc_column_text] Die DMIX im Rampenlicht Dito Sama wurde dieses Jahr zur dritten Ausgabe der \u201eGrande Exposition du Fabriqu\u00e9 en France\u201c in den Elys\u00e9e-Palast eingeladen! Dort gibt es rund 125 Produkte zu entdecken, die in den Gebietsk\u00f6rperschaften des franz\u00f6sischen Festlands und den \u00dcbersee-D\u00e9partements hergestellt werden. Mit unserer Planetenr\u00fchrmaschine DMIX\u00a0 vertreten wir das 23. D\u00e9partement (La Creuse). [&hellip;]<\/p>\n","protected":false},"author":15,"featured_media":13549,"comment_status":"closed","ping_status":"open","sticky":false,"template":"","format":"standard","meta":{"inline_featured_image":false,"footnotes":""},"categories":[89],"tags":[213,160],"class_list":["post-10388","post","type-post","status-publish","format-standard","has-post-thumbnail","hentry","category-neues-veranstaltungen","tag-events-de","tag-messen"],"acf":[],"yoast_head":"<!-- This site is optimized with the Yoast SEO plugin v26.1.1 - https:\/\/yoast.com\/wordpress\/plugins\/seo\/ -->\n<title>Dito Sama im Elys\u00e9e-Palast | Dito Sama<\/title>\n<meta name=\"description\" content=\"Entdecken Sie Dito Sama auf der prestigetr\u00e4chtigen \u201eGrande Exposition du Fabriqu\u00e9 en France\u201c und entdecken Sie unser Planetenr\u00fchrmaschine\" \/>\n<meta name=\"robots\" content=\"index, follow, max-snippet:-1, max-image-preview:large, max-video-preview:-1\" \/>\n<link rel=\"canonical\" href=\"https:\/\/www.ditosama.com\/de\/wp-json\/wp\/v2\/posts\/10388\" \/>\n<meta property=\"og:locale\" content=\"de_DE\" \/>\n<meta property=\"og:type\" content=\"article\" \/>\n<meta property=\"og:title\" content=\"Dito Sama im Elys\u00e9e-Palast | Dito Sama\" \/>\n<meta property=\"og:description\" content=\"Entdecken Sie Dito Sama auf der prestigetr\u00e4chtigen \u201eGrande Exposition du Fabriqu\u00e9 en France\u201c und entdecken Sie unser Planetenr\u00fchrmaschine\" \/>\n<meta property=\"og:url\" content=\"https:\/\/www.ditosama.com\/de\/neues-veranstaltungen\/dito-sama-in-den-grande-exposition-du-fabrique\/\" \/>\n<meta property=\"og:site_name\" content=\"Dito Sama\" \/>\n<meta property=\"article:published_time\" content=\"2023-06-23T10:09:19+00:00\" \/>\n<meta property=\"article:modified_time\" content=\"2026-03-04T10:11:44+00:00\" \/>\n<meta property=\"og:image\" content=\"https:\/\/www.ditosama.com\/wp-content\/uploads\/2023\/10\/FeF2023_Logo_PourFondsSombres_36.jpg\" \/>\n\t<meta property=\"og:image:width\" content=\"360\" \/>\n\t<meta property=\"og:image:height\" content=\"338\" \/>\n\t<meta property=\"og:image:type\" content=\"image\/jpeg\" \/>\n<meta name=\"author\" content=\"adrien.poggi@electroluxprofessional.com\" \/>\n<meta name=\"twitter:card\" content=\"summary_large_image\" \/>\n<meta name=\"twitter:label1\" content=\"Verfasst von\" \/>\n\t<meta name=\"twitter:data1\" content=\"adrien.poggi@electroluxprofessional.com\" \/>\n\t<meta name=\"twitter:label2\" content=\"Gesch\u00e4tzte Lesezeit\" \/>\n\t<meta name=\"twitter:data2\" content=\"2\u00a0Minuten\" \/>\n<script type=\"application\/ld+json\" class=\"yoast-schema-graph\">{\"@context\":\"https:\/\/schema.org\",\"@graph\":[{\"@type\":\"WebPage\",\"@id\":\"https:\/\/www.ditosama.com\/de\/neues-veranstaltungen\/dito-sama-in-den-grande-exposition-du-fabrique\/\",\"url\":\"https:\/\/www.ditosama.com\/de\/neues-veranstaltungen\/dito-sama-in-den-grande-exposition-du-fabrique\/\",\"name\":\"Dito Sama im Elys\u00e9e-Palast | Dito Sama\",\"isPartOf\":{\"@id\":\"https:\/\/www.ditosama.com\/en\/#website\"},\"primaryImageOfPage\":{\"@id\":\"https:\/\/www.ditosama.com\/de\/neues-veranstaltungen\/dito-sama-in-den-grande-exposition-du-fabrique\/#primaryimage\"},\"image\":{\"@id\":\"https:\/\/www.ditosama.com\/de\/neues-veranstaltungen\/dito-sama-in-den-grande-exposition-du-fabrique\/#primaryimage\"},\"thumbnailUrl\":\"https:\/\/www.ditosama.com\/wp-content\/uploads\/2023\/10\/FeF2023_Logo_PourFondsSombres_36.jpg\",\"datePublished\":\"2023-06-23T10:09:19+00:00\",\"dateModified\":\"2026-03-04T10:11:44+00:00\",\"author\":{\"@id\":\"https:\/\/www.ditosama.com\/en\/#\/schema\/person\/7eb4b51dae3f680252db7164a6bb7bcb\"},\"description\":\"Entdecken Sie Dito Sama auf der prestigetr\u00e4chtigen \u201eGrande Exposition du Fabriqu\u00e9 en France\u201c und entdecken Sie unser Planetenr\u00fchrmaschine\",\"breadcrumb\":{\"@id\":\"https:\/\/www.ditosama.com\/de\/neues-veranstaltungen\/dito-sama-in-den-grande-exposition-du-fabrique\/#breadcrumb\"},\"inLanguage\":\"de\",\"potentialAction\":[{\"@type\":\"ReadAction\",\"target\":[\"https:\/\/www.ditosama.com\/de\/neues-veranstaltungen\/dito-sama-in-den-grande-exposition-du-fabrique\/\"]}]},{\"@type\":\"ImageObject\",\"inLanguage\":\"de\",\"@id\":\"https:\/\/www.ditosama.com\/de\/neues-veranstaltungen\/dito-sama-in-den-grande-exposition-du-fabrique\/#primaryimage\",\"url\":\"https:\/\/www.ditosama.com\/wp-content\/uploads\/2023\/10\/FeF2023_Logo_PourFondsSombres_36.jpg\",\"contentUrl\":\"https:\/\/www.ditosama.com\/wp-content\/uploads\/2023\/10\/FeF2023_Logo_PourFondsSombres_36.jpg\",\"width\":360,\"height\":338},{\"@type\":\"BreadcrumbList\",\"@id\":\"https:\/\/www.ditosama.com\/de\/neues-veranstaltungen\/dito-sama-in-den-grande-exposition-du-fabrique\/#breadcrumb\",\"itemListElement\":[{\"@type\":\"ListItem\",\"position\":1,\"name\":\"Home\",\"item\":\"https:\/\/www.ditosama.com\/de\/\"},{\"@type\":\"ListItem\",\"position\":2,\"name\":\"Dito Sama im Elys\u00e9e-Palast\"}]},{\"@type\":\"WebSite\",\"@id\":\"https:\/\/www.ditosama.com\/en\/#website\",\"url\":\"https:\/\/www.ditosama.com\/en\/\",\"name\":\"Dito Sama\",\"description\":\"\",\"potentialAction\":[{\"@type\":\"SearchAction\",\"target\":{\"@type\":\"EntryPoint\",\"urlTemplate\":\"https:\/\/www.ditosama.com\/en\/?s={search_term_string}\"},\"query-input\":{\"@type\":\"PropertyValueSpecification\",\"valueRequired\":true,\"valueName\":\"search_term_string\"}}],\"inLanguage\":\"de\"},{\"@type\":\"Person\",\"@id\":\"https:\/\/www.ditosama.com\/en\/#\/schema\/person\/7eb4b51dae3f680252db7164a6bb7bcb\",\"name\":\"adrien.poggi@electroluxprofessional.com\",\"url\":\"https:\/\/www.ditosama.com\/de\/author\/adrien-poggielectroluxprofessional-com\/\"}]}<\/script>\n<!-- \/ Yoast SEO plugin. -->","yoast_head_json":{"title":"Dito Sama im Elys\u00e9e-Palast | Dito Sama","description":"Entdecken Sie Dito Sama auf der prestigetr\u00e4chtigen \u201eGrande Exposition du Fabriqu\u00e9 en France\u201c und entdecken Sie unser Planetenr\u00fchrmaschine","robots":{"index":"index","follow":"follow","max-snippet":"max-snippet:-1","max-image-preview":"max-image-preview:large","max-video-preview":"max-video-preview:-1"},"canonical":"https:\/\/www.ditosama.com\/de\/wp-json\/wp\/v2\/posts\/10388","og_locale":"de_DE","og_type":"article","og_title":"Dito Sama im Elys\u00e9e-Palast | Dito Sama","og_description":"Entdecken Sie Dito Sama auf der prestigetr\u00e4chtigen \u201eGrande Exposition du Fabriqu\u00e9 en France\u201c und entdecken Sie unser Planetenr\u00fchrmaschine","og_url":"https:\/\/www.ditosama.com\/de\/neues-veranstaltungen\/dito-sama-in-den-grande-exposition-du-fabrique\/","og_site_name":"Dito Sama","article_published_time":"2023-06-23T10:09:19+00:00","article_modified_time":"2026-03-04T10:11:44+00:00","og_image":[{"width":360,"height":338,"url":"https:\/\/www.ditosama.com\/wp-content\/uploads\/2023\/10\/FeF2023_Logo_PourFondsSombres_36.jpg","type":"image\/jpeg"}],"author":"adrien.poggi@electroluxprofessional.com","twitter_card":"summary_large_image","twitter_misc":{"Verfasst von":"adrien.poggi@electroluxprofessional.com","Gesch\u00e4tzte Lesezeit":"2\u00a0Minuten"},"schema":{"@context":"https:\/\/schema.org","@graph":[{"@type":"WebPage","@id":"https:\/\/www.ditosama.com\/de\/neues-veranstaltungen\/dito-sama-in-den-grande-exposition-du-fabrique\/","url":"https:\/\/www.ditosama.com\/de\/neues-veranstaltungen\/dito-sama-in-den-grande-exposition-du-fabrique\/","name":"Dito Sama im Elys\u00e9e-Palast | Dito Sama","isPartOf":{"@id":"https:\/\/www.ditosama.com\/en\/#website"},"primaryImageOfPage":{"@id":"https:\/\/www.ditosama.com\/de\/neues-veranstaltungen\/dito-sama-in-den-grande-exposition-du-fabrique\/#primaryimage"},"image":{"@id":"https:\/\/www.ditosama.com\/de\/neues-veranstaltungen\/dito-sama-in-den-grande-exposition-du-fabrique\/#primaryimage"},"thumbnailUrl":"https:\/\/www.ditosama.com\/wp-content\/uploads\/2023\/10\/FeF2023_Logo_PourFondsSombres_36.jpg","datePublished":"2023-06-23T10:09:19+00:00","dateModified":"2026-03-04T10:11:44+00:00","author":{"@id":"https:\/\/www.ditosama.com\/en\/#\/schema\/person\/7eb4b51dae3f680252db7164a6bb7bcb"},"description":"Entdecken Sie Dito Sama auf der prestigetr\u00e4chtigen \u201eGrande Exposition du Fabriqu\u00e9 en France\u201c und entdecken Sie unser Planetenr\u00fchrmaschine","breadcrumb":{"@id":"https:\/\/www.ditosama.com\/de\/neues-veranstaltungen\/dito-sama-in-den-grande-exposition-du-fabrique\/#breadcrumb"},"inLanguage":"de","potentialAction":[{"@type":"ReadAction","target":["https:\/\/www.ditosama.com\/de\/neues-veranstaltungen\/dito-sama-in-den-grande-exposition-du-fabrique\/"]}]},{"@type":"ImageObject","inLanguage":"de","@id":"https:\/\/www.ditosama.com\/de\/neues-veranstaltungen\/dito-sama-in-den-grande-exposition-du-fabrique\/#primaryimage","url":"https:\/\/www.ditosama.com\/wp-content\/uploads\/2023\/10\/FeF2023_Logo_PourFondsSombres_36.jpg","contentUrl":"https:\/\/www.ditosama.com\/wp-content\/uploads\/2023\/10\/FeF2023_Logo_PourFondsSombres_36.jpg","width":360,"height":338},{"@type":"BreadcrumbList","@id":"https:\/\/www.ditosama.com\/de\/neues-veranstaltungen\/dito-sama-in-den-grande-exposition-du-fabrique\/#breadcrumb","itemListElement":[{"@type":"ListItem","position":1,"name":"Home","item":"https:\/\/www.ditosama.com\/de\/"},{"@type":"ListItem","position":2,"name":"Dito Sama im Elys\u00e9e-Palast"}]},{"@type":"WebSite","@id":"https:\/\/www.ditosama.com\/en\/#website","url":"https:\/\/www.ditosama.com\/en\/","name":"Dito Sama","description":"","potentialAction":[{"@type":"SearchAction","target":{"@type":"EntryPoint","urlTemplate":"https:\/\/www.ditosama.com\/en\/?s={search_term_string}"},"query-input":{"@type":"PropertyValueSpecification","valueRequired":true,"valueName":"search_term_string"}}],"inLanguage":"de"},{"@type":"Person","@id":"https:\/\/www.ditosama.com\/en\/#\/schema\/person\/7eb4b51dae3f680252db7164a6bb7bcb","name":"adrien.poggi@electroluxprofessional.com","url":"https:\/\/www.ditosama.com\/de\/author\/adrien-poggielectroluxprofessional-com\/"}]}},"_links":{"self":[{"href":"https:\/\/www.ditosama.com\/de\/wp-json\/wp\/v2\/posts\/10388","targetHints":{"allow":["GET"]}}],"collection":[{"href":"https:\/\/www.ditosama.com\/de\/wp-json\/wp\/v2\/posts"}],"about":[{"href":"https:\/\/www.ditosama.com\/de\/wp-json\/wp\/v2\/types\/post"}],"author":[{"embeddable":true,"href":"https:\/\/www.ditosama.com\/de\/wp-json\/wp\/v2\/users\/15"}],"replies":[{"embeddable":true,"href":"https:\/\/www.ditosama.com\/de\/wp-json\/wp\/v2\/comments?post=10388"}],"version-history":[{"count":6,"href":"https:\/\/www.ditosama.com\/de\/wp-json\/wp\/v2\/posts\/10388\/revisions"}],"predecessor-version":[{"id":32430,"href":"https:\/\/www.ditosama.com\/de\/wp-json\/wp\/v2\/posts\/10388\/revisions\/32430"}],"wp:featuredmedia":[{"embeddable":true,"href":"https:\/\/www.ditosama.com\/de\/wp-json\/wp\/v2\/media\/13549"}],"wp:attachment":[{"href":"https:\/\/www.ditosama.com\/de\/wp-json\/wp\/v2\/media?parent=10388"}],"wp:term":[{"taxonomy":"category","embeddable":true,"href":"https:\/\/www.ditosama.com\/de\/wp-json\/wp\/v2\/categories?post=10388"},{"taxonomy":"post_tag","embeddable":true,"href":"https:\/\/www.ditosama.com\/de\/wp-json\/wp\/v2\/tags?post=10388"}],"curies":[{"name":"wp","href":"https:\/\/api.w.org\/{rel}","templated":true}]}}